{"id":62280,"date":"2025-11-14T11:10:20","date_gmt":"2025-11-14T14:10:20","guid":{"rendered":"https:\/\/www.sincomam.org.br\/?p=62280"},"modified":"2025-11-14T11:10:20","modified_gmt":"2025-11-14T14:10:20","slug":"marinha-do-brasil-realiza-exercicio-a-90-km-da-costa-de-fortaleza-para-simular-acao-suspeita-contra-cabos-submarinos","status":"publish","type":"post","link":"https:\/\/www.sincomam.org.br\/index.php\/marinha-do-brasil-realiza-exercicio-a-90-km-da-costa-de-fortaleza-para-simular-acao-suspeita-contra-cabos-submarinos\/","title":{"rendered":"Marinha do Brasil realiza exerc\u00edcio a 90 km da costa de Fortaleza para simular a\u00e7\u00e3o suspeita contra cabos submarinos"},"content":{"rendered":"<p class=\"text-align-justify\">O Navio de Socorro Submarino (NSS) \u201cGuillobel\u201d e o Submarino \u201cHumait\u00e1\u201d, da Marinha do Brasil (MB), retornaram ao Porto de Mucuripe, em Fortaleza (CE), nesta quinta-feira (13), ap\u00f3s participarem da fase mar\u00edtima do 2\u00ba Exerc\u00edcio de Prote\u00e7\u00e3o de Cabos Submarinos. O treinamento teve como objetivo aperfei\u00e7oar a capacidade de resposta da For\u00e7a Naval a amea\u00e7as contra essa infraestrutura, considerada estrat\u00e9gica para os sistemas de telecomunica\u00e7\u00f5es e de internet do Pa\u00eds.<\/p>\n<p class=\"text-align-justify\">Nessa fase, o NSS \u201cGuillobel\u201d desempenhou o papel de embarca\u00e7\u00e3o em atividade suspeita sobre o cabo submarino da empresa de telecomunica\u00e7\u00f5es Angola Cables, a cerca de 90 quil\u00f4metros da costa da capital cearense. A simula\u00e7\u00e3o contou com a participa\u00e7\u00e3o da Empresa Gerencial de Projetos Navais (EMGEPRON), que empregou um ve\u00edculo submarino operado remotamente (ROV, na sigla em ingl\u00eas), desenvolvido no Pa\u00eds pela BRS Rob\u00f3tica Submarina. O ROV foi equipado com sonar multi-feixe de 1,2 MHz e dois <em>side scan<\/em> de 450 MHz, permitindo a varredura do leito marinho e possibilitando a identifica\u00e7\u00e3o do cabo.<\/p>\n<p class=\"text-align-justify\">J\u00e1 o Submarino \u201cHumait\u00e1\u201d, a aeronave SH-16 \u201cSeahawk\u201d, da MB, e o Avi\u00e3o de Patrulha P-95, da For\u00e7a A\u00e9rea Brasileira (FAB), treinaram a\u00e7\u00f5es de intelig\u00eancia, vigil\u00e2ncia, reconhecimento e intercepta\u00e7\u00e3o do navio em alto-mar. Os dados obtidos por esses meios permitiram ao Centro de Guerra Ac\u00fastica e Eletr\u00f4nica da Marinha fornecer ao Comando do 3\u00ba Distrito Naval informa\u00e7\u00f5es cr\u00edveis sobre atividade il\u00edcita na costa brasileira, levando \u00e0 decis\u00e3o de abordar o navio suspeito.<\/p>\n<p class=\"text-align-justify\">Um destacamento de Mergulhadores de Combate, apoiado pelas embarca\u00e7\u00f5es da Capitania dos Portos do Cear\u00e1, interceptou a embarca\u00e7\u00e3o e realizou a abordagem, com apoio do N\u00facleo Especial da Pol\u00edcia Mar\u00edtima (NEPOM), da Pol\u00edcia Federal.<\/p>\n<p class=\"text-align-justify\">Segundo o especialista em Regula\u00e7\u00e3o da Ag\u00eancia Nacional de Telecomunica\u00e7\u00f5es (Anatel), Daniel Marchi, que acompanhou o exerc\u00edcio a bordo do NSS \u201cGuillobel\u201d, a falta de conhecimento sobre a infraestrutura cr\u00edtica pode levar \u00e0 subestima\u00e7\u00e3o dos riscos, aumentando a vulnerabilidade do setor.<\/p>\n<figure class=\"bg-light p-3 p-md-5 my-3 rounded\"><\/figure>\n<h5 class=\"text-align-justify\">Fase terrestre<\/h5>\n<p class=\"text-align-justify\">O 2\u00ba Exerc\u00edcio de Prote\u00e7\u00e3o de Cabos Submarinos ocorre desde segunda-feira (10), quando foi iniciado com um <em>briefing<\/em> que reuniu representantes da MB, \u00f3rg\u00e3os de seguran\u00e7a p\u00fablica, empresas privadas e imprensa, na Capitania dos Portos do Cear\u00e1. Nos primeiros dias, foi realizada a fase terrestre do treinamento, com simula\u00e7\u00e3o de retomada de um data center da empresa de telecomunica\u00e7\u00f5es Angola Cables, sob amea\u00e7a de criminosos com ref\u00e9ns.<\/p>\n<p class=\"text-align-justify\">A a\u00e7\u00e3o simulada foi contida por uma equipe de Comandos Anf\u00edbios, enquanto a \u00e1rea era isolada por militares do Grupo-Tarefa de Opera\u00e7\u00f5es Litor\u00e2neas. Houve, ainda, a prote\u00e7\u00e3o de outros locais de interesse, como o <em>beach manhole<\/em> \u2014 instala\u00e7\u00e3o subterr\u00e2nea fixada na praia, onde os cabos submarinos se conectam aos cabos terrestres \u2014 e a esta\u00e7\u00e3o terrestre de cabos, ponto de onde os dados recebidos s\u00e3o transferidos e distribu\u00eddos.<\/p>\n<p>Fonte: Ag\u00eancia Marinha de Not\u00edcias<\/p>\n","protected":false},"excerpt":{"rendered":"<p>O Navio de Socorro Submarino (NSS) \u201cGuillobel\u201d e o Submarino \u201cHumait\u00e1\u201d, da Marinha do Brasil (MB), retornaram ao Porto de Mucuripe, em Fortaleza (CE), nesta&#8230;<\/p>\n","protected":false},"author":1527,"featured_media":62281,"comment_status":"closed","ping_status":"closed","sticky":false,"template":"","format":"standard","meta":{"footnotes":""},"categories":[6],"tags":[],"class_list":["post-62280","post","type-post","status-publish","format-standard","has-post-thumbnail","hentry","category-noticias"],"_links":{"self":[{"href":"https:\/\/www.sincomam.org.br\/index.php\/wp-json\/wp\/v2\/posts\/62280","targetHints":{"allow":["GET"]}}],"collection":[{"href":"https:\/\/www.sincomam.org.br\/index.php\/wp-json\/wp\/v2\/posts"}],"about":[{"href":"https:\/\/www.sincomam.org.br\/index.php\/wp-json\/wp\/v2\/types\/post"}],"author":[{"embeddable":true,"href":"https:\/\/www.sincomam.org.br\/index.php\/wp-json\/wp\/v2\/users\/1527"}],"replies":[{"embeddable":true,"href":"https:\/\/www.sincomam.org.br\/index.php\/wp-json\/wp\/v2\/comments?post=62280"}],"version-history":[{"count":1,"href":"https:\/\/www.sincomam.org.br\/index.php\/wp-json\/wp\/v2\/posts\/62280\/revisions"}],"predecessor-version":[{"id":62282,"href":"https:\/\/www.sincomam.org.br\/index.php\/wp-json\/wp\/v2\/posts\/62280\/revisions\/62282"}],"wp:featuredmedia":[{"embeddable":true,"href":"https:\/\/www.sincomam.org.br\/index.php\/wp-json\/wp\/v2\/media\/62281"}],"wp:attachment":[{"href":"https:\/\/www.sincomam.org.br\/index.php\/wp-json\/wp\/v2\/media?parent=62280"}],"wp:term":[{"taxonomy":"category","embeddable":true,"href":"https:\/\/www.sincomam.org.br\/index.php\/wp-json\/wp\/v2\/categories?post=62280"},{"taxonomy":"post_tag","embeddable":true,"href":"https:\/\/www.sincomam.org.br\/index.php\/wp-json\/wp\/v2\/tags?post=62280"}],"curies":[{"name":"wp","href":"https:\/\/api.w.org\/{rel}","templated":true}]}}