{"id":6227,"date":"2014-06-23T08:03:04","date_gmt":"2014-06-23T11:03:04","guid":{"rendered":"http:\/\/www.sincomam.org.br\/?p=6227"},"modified":"2014-06-20T15:47:22","modified_gmt":"2014-06-20T18:47:22","slug":"antaq-e-ministerio-dos-transportes-se-reunem-para-discutir-navegacao-na-hidrovia-tiete-parana","status":"publish","type":"post","link":"https:\/\/www.sincomam.org.br\/index.php\/antaq-e-ministerio-dos-transportes-se-reunem-para-discutir-navegacao-na-hidrovia-tiete-parana\/","title":{"rendered":"Antaq e Minist\u00e9rio dos Transportes se re\u00fanem para discutir navega\u00e7\u00e3o na Hidrovia Tiet\u00ea-Paran\u00e1"},"content":{"rendered":"<p>Os diretores da ANTAQ, M\u00e1rio Povia e Adalberto Tokarski, se reuniram, na \u00faltima quarta-feira (18), no Minist\u00e9rio dos Transportes, com o secret\u00e1rio executivo, Anivaldo Vale. Na pauta, a interrup\u00e7\u00e3o da navega\u00e7\u00e3o na Hidrovia Tiet\u00ea-Paran\u00e1. A Diretoria da Ag\u00eancia pretende discutir o tema com diversos \u00f3rg\u00e3os do Governo Federal e contribuir para resolver a quest\u00e3o o mais r\u00e1pido poss\u00edvel.<\/p>\n<p>Entre os \u00f3rg\u00e3os que discutir\u00e3o a navega\u00e7\u00e3o na Hidrovia Tiet\u00ea-Paran\u00e1, provavelmente na semana que vem, est\u00e3o a Antaq, Minist\u00e9rio dos Transportes, Minist\u00e9rio da Agricultura, ANA, al\u00e9m de representantes do setor el\u00e9trico e da iniciativa privada.<\/p>\n<p>A preocupa\u00e7\u00e3o da Diretoria \u00e9 com a retomada da navega\u00e7\u00e3o na hidrovia, que est\u00e1 paralisada desde que as usinas de Tr\u00eas Irm\u00e3os e Ilha Solteira passaram a gerar mais energia, reduzindo o n\u00edvel dos seus lagos, que s\u00e3o interligados pelo Canal Pereira Barreto. \u201cO importante \u00e9 que se produza energia e que se possa navegar\u201d, disse Tokarski, defendendo o uso m\u00faltiplo das \u00e1guas. O diretor-geral da ANTAQ, M\u00e1rio Povia, ressaltou que os \u00f3rg\u00e3os estabelecer\u00e3o uma agenda positiva dos trabalhos para resolver a navega\u00e7\u00e3o na Hidrovia Tiet\u00ea-Paran\u00e1.<\/p>\n<p>Al\u00e9m dos diretores, representaram a Antaq na reuni\u00e3o o superintendente de Navega\u00e7\u00e3o Interior substituto, Walneon Oliveira, e o gerente de Desenvolvimento e Regula\u00e7\u00e3o da Navega\u00e7\u00e3o Interior, Jos\u00e9 Renato Fialho. Representantes da Secretaria de Gest\u00e3o dos Programas de Transportes tamb\u00e9m participaram das discuss\u00f5es.<\/p>\n<p>Fonte: Antaq<\/p>\n","protected":false},"excerpt":{"rendered":"<p>Os diretores da ANTAQ, M\u00e1rio Povia e Adalberto Tokarski, se reuniram, na \u00faltima quarta-feira (18), no Minist\u00e9rio dos Transportes, com o secret\u00e1rio executivo, Anivaldo Vale&#8230;.<\/p>\n","protected":false},"author":1182,"featured_media":4442,"comment_status":"closed","ping_status":"closed","sticky":false,"template":"","format":"standard","meta":{"footnotes":""},"categories":[6],"tags":[301,508,1386],"class_list":["post-6227","post","type-post","status-publish","format-standard","has-post-thumbnail","hentry","category-noticias","tag-antaq","tag-hidrovia","tag-tiete-parana"],"_links":{"self":[{"href":"https:\/\/www.sincomam.org.br\/index.php\/wp-json\/wp\/v2\/posts\/6227","targetHints":{"allow":["GET"]}}],"collection":[{"href":"https:\/\/www.sincomam.org.br\/index.php\/wp-json\/wp\/v2\/posts"}],"about":[{"href":"https:\/\/www.sincomam.org.br\/index.php\/wp-json\/wp\/v2\/types\/post"}],"author":[{"embeddable":true,"href":"https:\/\/www.sincomam.org.br\/index.php\/wp-json\/wp\/v2\/users\/1182"}],"replies":[{"embeddable":true,"href":"https:\/\/www.sincomam.org.br\/index.php\/wp-json\/wp\/v2\/comments?post=6227"}],"version-history":[{"count":1,"href":"https:\/\/www.sincomam.org.br\/index.php\/wp-json\/wp\/v2\/posts\/6227\/revisions"}],"predecessor-version":[{"id":6228,"href":"https:\/\/www.sincomam.org.br\/index.php\/wp-json\/wp\/v2\/posts\/6227\/revisions\/6228"}],"wp:featuredmedia":[{"embeddable":true,"href":"https:\/\/www.sincomam.org.br\/index.php\/wp-json\/wp\/v2\/media\/4442"}],"wp:attachment":[{"href":"https:\/\/www.sincomam.org.br\/index.php\/wp-json\/wp\/v2\/media?parent=6227"}],"wp:term":[{"taxonomy":"category","embeddable":true,"href":"https:\/\/www.sincomam.org.br\/index.php\/wp-json\/wp\/v2\/categories?post=6227"},{"taxonomy":"post_tag","embeddable":true,"href":"https:\/\/www.sincomam.org.br\/index.php\/wp-json\/wp\/v2\/tags?post=6227"}],"curies":[{"name":"wp","href":"https:\/\/api.w.org\/{rel}","templated":true}]}}