{"id":62265,"date":"2025-11-13T11:19:32","date_gmt":"2025-11-13T14:19:32","guid":{"rendered":"https:\/\/www.sincomam.org.br\/?p=62265"},"modified":"2025-11-13T11:19:32","modified_gmt":"2025-11-13T14:19:32","slug":"redes-tem-um-ano-para-liberar-bandeiras-no-vale-refeicao-e-alimentacao","status":"publish","type":"post","link":"https:\/\/www.sincomam.org.br\/index.php\/redes-tem-um-ano-para-liberar-bandeiras-no-vale-refeicao-e-alimentacao\/","title":{"rendered":"Redes t\u00eam um ano para liberar bandeiras no vale-refei\u00e7\u00e3o e alimenta\u00e7\u00e3o"},"content":{"rendered":"<p><strong>Principal promessa para liberalizar o mercado de vale-refei\u00e7\u00e3o e vale-alimenta\u00e7\u00e3o, a interoperabilidade das bandeiras tem um ano para entrar em vigor, esclareceu nesta quarta-feira (12) o Minist\u00e9rio da Fazenda. As redes t\u00eam esse prazo para adaptar os sistemas para que o cart\u00e3o seja aceito em qualquer estabelecimento, independentemente da bandeira.<\/strong><img decoding=\"async\" src=\"https:\/\/agenciabrasil.ebc.com.br\/ebc.png?id=1667533&amp;o=node\" \/><img decoding=\"async\" src=\"https:\/\/agenciabrasil.ebc.com.br\/ebc.gif?id=1667533&amp;o=node\" \/><\/p>\n<p>A novidade est\u00e1 no Decreto 12.712,\u00a0editado na ter\u00e7a-feira\u00a0(11),\u00a0que reformula o Programa de Alimenta\u00e7\u00e3o do Trabalhador (PAT). A medida tem como objetivo aumentar a efici\u00eancia, promover a concorr\u00eancia e reduzir custos no setor.<\/p>\n<blockquote><p>\u201cIsso aumenta a conveni\u00eancia para os trabalhadores e amplia as oportunidades de venda para os estabelecimentos comerciais\u201d, informou a Secretaria de Reformas Econ\u00f4micas do Minist\u00e9rio da Fazenda, em nota.<\/p><\/blockquote>\n<p><strong>O minist\u00e9rio estimula em\u00a0R$ 7,9 bilh\u00f5es por ano\u00a0a economia para supermercados, bares e restaurantes, por meio da redu\u00e7\u00e3o de custos e do aumento da concorr\u00eancia. O governo espera que essa economia seja repassada aos consumidores.<\/strong><\/p>\n<blockquote><p>\u201cEsse valor [R$ 7,9 bilh\u00f5es] decorre, principalmente, da redu\u00e7\u00e3o das margens de lucro elevadas praticadas pelas empresas emissoras de vale-alimenta\u00e7\u00e3o e vale-refei\u00e7\u00e3o, que passar\u00e3o a ser repassadas aos estabelecimentos como bares, restaurantes e supermercados. Com a diminui\u00e7\u00e3o desses custos, estima-se uma queda nos pre\u00e7os finais das refei\u00e7\u00f5es e dos alimentos, beneficiando diretamente os trabalhadores. A estimativa \u00e9 de um ganho m\u00e9dio de aproximadamente R$ 225 por trabalhador ao ano\u201d, explicou a Secretaria.<\/p><\/blockquote>\n<h2>Estimativa de economia anual com as medidas<\/h2>\n<table border=\"1\" cellspacing=\"1\" cellpadding=\"1\">\n<tbody>\n<tr>\n<td><strong>Medida<\/strong><\/td>\n<td><strong>Economia estimada<\/strong><\/td>\n<\/tr>\n<tr>\n<td>Teto de 3,6% para tarifas<\/td>\n<td>R$ 2,9 bilh\u00f5es<\/td>\n<\/tr>\n<tr>\n<td>Redu\u00e7\u00e3o do prazo de repasse (15 dias)<\/td>\n<td>R$ 0,7 bilh\u00e3o<\/td>\n<\/tr>\n<tr>\n<td>Abertura dos arranjos<\/td>\n<td>R$ 1,6 bilh\u00e3o<\/td>\n<\/tr>\n<tr>\n<td>Interoperabilidade entre bandeiras no aux\u00edlio-alimenta\u00e7\u00e3o<\/td>\n<td>R$ 2,7 bilh\u00f5es<\/td>\n<\/tr>\n<tr>\n<td><strong>Total<\/strong><\/td>\n<td><strong>R$ 7,9 bilh\u00f5es<\/strong><\/td>\n<\/tr>\n<\/tbody>\n<\/table>\n<h6><em>Fonte: Minist\u00e9rio da Fazenda<\/em><\/h6>\n<p>Em rela\u00e7\u00e3o ao teto de tarifas, o decreto estabelece um valor m\u00e1ximo de 3,6% para as tarifas cobradas dos estabelecimentos comerciais e prazo limite de 15 dias para o repasse dos valores pelas credenciadoras (empresas de maquininhas).<\/p>\n<p>Segundo o Minist\u00e9rio da Fazenda, as medidas reduzem os custos de intermedia\u00e7\u00e3o e criam condi\u00e7\u00f5es para que restaurantes e supermercados possam praticar pre\u00e7os mais baixos sem comprometer suas margens.<\/p>\n<h2>Fim de pr\u00e1ticas abusivas<\/h2>\n<p><strong>O texto tamb\u00e9m pro\u00edbe des\u00e1gios e descontos sobre os valores contratados,<\/strong>\u00a0al\u00e9m de impedir prazos de repasse que descaracterizem a natureza pr\u00e9-paga dos instrumentos e o pagamento de verbas n\u00e3o vinculadas \u00e0 alimenta\u00e7\u00e3o saud\u00e1vel.<\/p>\n<p>Segundo a Fazenda, o governo busca evitar distor\u00e7\u00f5es de mercado e garantir que os benef\u00edcios do PAT e do aux\u00edlio-alimenta\u00e7\u00e3o sejam direcionados efetivamente ao trabalhador.<\/p>\n<h2>Abertura de arranjos<\/h2>\n<p>Em rela\u00e7\u00e3o \u00e0 abertura dos arranjos, o decreto determina que as redes de pagamento de vales-refei\u00e7\u00e3o e alimenta\u00e7\u00e3o com mais de 500 mil trabalhadores adotem o modelo aberto. No sistema aberto, a bandeira (instituidora) cria as regras, mas a emiss\u00e3o de cart\u00f5es e o credenciamento de estabelecimentos podem ser feitos por qualquer institui\u00e7\u00e3o que atenda aos requisitos do sistema.<\/p>\n<p>Essa medida, segundo a Fazenda, deve reduzir barreiras de entrada, aumentar a concorr\u00eancia e expandir a rede de aceita\u00e7\u00e3o. O modelo segue o padr\u00e3o introduzido em 2010 pelo Conselho Administrativo de Defesa Econ\u00f4mica (Cade) no setor de cart\u00f5es de cr\u00e9dito e d\u00e9bito.<\/p>\n<p>Fonte: Ag\u00eancia Brasil<\/p>\n","protected":false},"excerpt":{"rendered":"<p>Principal promessa para liberalizar o mercado de vale-refei\u00e7\u00e3o e vale-alimenta\u00e7\u00e3o, a interoperabilidade das bandeiras tem um ano para entrar em vigor, esclareceu nesta quarta-feira (12)&#8230;<\/p>\n","protected":false},"author":1527,"featured_media":62266,"comment_status":"closed","ping_status":"closed","sticky":false,"template":"","format":"standard","meta":{"footnotes":""},"categories":[6],"tags":[],"class_list":["post-62265","post","type-post","status-publish","format-standard","has-post-thumbnail","hentry","category-noticias"],"_links":{"self":[{"href":"https:\/\/www.sincomam.org.br\/index.php\/wp-json\/wp\/v2\/posts\/62265","targetHints":{"allow":["GET"]}}],"collection":[{"href":"https:\/\/www.sincomam.org.br\/index.php\/wp-json\/wp\/v2\/posts"}],"about":[{"href":"https:\/\/www.sincomam.org.br\/index.php\/wp-json\/wp\/v2\/types\/post"}],"author":[{"embeddable":true,"href":"https:\/\/www.sincomam.org.br\/index.php\/wp-json\/wp\/v2\/users\/1527"}],"replies":[{"embeddable":true,"href":"https:\/\/www.sincomam.org.br\/index.php\/wp-json\/wp\/v2\/comments?post=62265"}],"version-history":[{"count":1,"href":"https:\/\/www.sincomam.org.br\/index.php\/wp-json\/wp\/v2\/posts\/62265\/revisions"}],"predecessor-version":[{"id":62267,"href":"https:\/\/www.sincomam.org.br\/index.php\/wp-json\/wp\/v2\/posts\/62265\/revisions\/62267"}],"wp:featuredmedia":[{"embeddable":true,"href":"https:\/\/www.sincomam.org.br\/index.php\/wp-json\/wp\/v2\/media\/62266"}],"wp:attachment":[{"href":"https:\/\/www.sincomam.org.br\/index.php\/wp-json\/wp\/v2\/media?parent=62265"}],"wp:term":[{"taxonomy":"category","embeddable":true,"href":"https:\/\/www.sincomam.org.br\/index.php\/wp-json\/wp\/v2\/categories?post=62265"},{"taxonomy":"post_tag","embeddable":true,"href":"https:\/\/www.sincomam.org.br\/index.php\/wp-json\/wp\/v2\/tags?post=62265"}],"curies":[{"name":"wp","href":"https:\/\/api.w.org\/{rel}","templated":true}]}}