{"id":62237,"date":"2025-11-12T11:21:13","date_gmt":"2025-11-12T14:21:13","guid":{"rendered":"https:\/\/www.sincomam.org.br\/?p=62237"},"modified":"2025-11-12T11:21:13","modified_gmt":"2025-11-12T14:21:13","slug":"aramuss-2025-reforca-vocacao-da-bahia-para-inovacao-e-economia-azul","status":"publish","type":"post","link":"https:\/\/www.sincomam.org.br\/index.php\/aramuss-2025-reforca-vocacao-da-bahia-para-inovacao-e-economia-azul\/","title":{"rendered":"ARAMUSS-2025 refor\u00e7a voca\u00e7\u00e3o da Bahia para inova\u00e7\u00e3o e economia azul"},"content":{"rendered":"<p>Quem acompanhou a plen\u00e1ria da\u00a0Associa\u00e7\u00e3o Comercial da Bahia (ACB)\u00a0na noite do dia\u00a06 de novembro\u00a0testemunhou um momento simb\u00f3lico para o avan\u00e7o da\u00a0economia do mar\u00a0no estado. A\u00a0Marinha do Brasil\u00a0apresentou oficialmente a\u00a0ARAMUSS-2025 (Aratu Maritime Unmanned Systems Simulation), evento internacional que reunir\u00e1\u00a0especialistas de seis pa\u00edses e 12 universidades brasileiras\u00a0na\u00a0Base Naval de Aratu, em Salvador.<\/p>\n<p data-start=\"520\" data-end=\"1226\">A iniciativa refor\u00e7a o papel da\u00a0Bahia\u00a0como polo de\u00a0tecnologia, inova\u00e7\u00e3o e sustentabilidade, conectando institui\u00e7\u00f5es civis, militares e empresariais em torno de um prop\u00f3sito comum:\u00a0transformar o conhecimento mar\u00edtimo em motor de desenvolvimento sustent\u00e1vel.<\/p>\n<h3 data-start=\"1233\" data-end=\"1297\"><strong data-start=\"1239\" data-end=\"1297\">ARAMUSS-2025: ci\u00eancia, tecnologia e soberania mar\u00edtima<\/strong><\/h3>\n<p data-start=\"1298\" data-end=\"2000\">A\u00a0ARAMUSS-2025, que ocorre entre\u00a010 e 14 de novembro, ser\u00e1 o maior evento n\u00e1utico-cient\u00edfico do pa\u00eds voltado \u00e0\u00a0rob\u00f3tica, intelig\u00eancia artificial e ve\u00edculos n\u00e3o tripulados\u00a0aplicados ao ambiente mar\u00edtimo.<\/p>\n<p data-start=\"1298\" data-end=\"2000\">Promovida pela\u00a0Marinha do\u00a0Brasil, a iniciativa reunir\u00e1\u00a0pesquisadores, universidades, empresas e representantes internacionais\u00a0para discutir o futuro da\u00a0navega\u00e7\u00e3o aut\u00f4noma\u00a0e das\u00a0tecnologias sustent\u00e1veis de defesa.<\/p>\n<p data-start=\"1298\" data-end=\"2000\">Segundo o\u00a0Vice-Almirante Gustavo Garriga, Comandante do\u00a02\u00ba Distrito Naval, \u201co evento marca um novo momento para o setor mar\u00edtimo brasileiro, no qual inova\u00e7\u00e3o, transpar\u00eancia e coopera\u00e7\u00e3o caminham juntas em prol da soberania tecnol\u00f3gica do pa\u00eds\u201d.<\/p>\n<h3 data-start=\"2007\" data-end=\"2074\"><strong data-start=\"2014\" data-end=\"2074\">Economia do mar e o papel da ACB na inova\u00e7\u00e3o sustent\u00e1vel<\/strong><\/h3>\n<p data-start=\"2075\" data-end=\"2319\">Durante o encontro, a\u00a0presidente da ACB,\u00a0Isabela Suarez, destacou que a Bahia re\u00fane condi\u00e7\u00f5es \u00edmpares para se consolidar como um dos grandes polos da\u00a0economia azul\u00a0\u2014 conceito que une\u00a0crescimento econ\u00f4mico e prote\u00e7\u00e3o ambiental.<\/p>\n<p data-start=\"2649\" data-end=\"2874\">A\u00a0ACB\u00a0refor\u00e7ou ainda seu compromisso em ser\u00a0ponte entre institui\u00e7\u00f5es de ensino, ind\u00fastria e poder p\u00fablico, promovendo o ambiente de neg\u00f3cios e pesquisa necess\u00e1rios para\u00a0atrair investimentos estrat\u00e9gicos\u00a0ao estado.<\/p>\n<div>\n<h3 data-start=\"2881\" data-end=\"2944\"><strong data-start=\"2888\" data-end=\"2944\">Economia azul, COP30 e o futuro sustent\u00e1vel da Bahia<\/strong><\/h3>\n<p data-start=\"2945\" data-end=\"3792\">A apresenta\u00e7\u00e3o da\u00a0ARAMUSS-2025\u00a0\u00e0 ACB ocorreu no\u00a0Dia Nacional do Amigo da Marinha, com apoio da\u00a0Sociedade de Amigos da Marinha (SOAMAR), representada por\u00a0Santiago Campo.<\/p>\n<p data-start=\"2945\" data-end=\"3792\">O\u00a0Vice-Almirante Garriga\u00a0anunciou que no dia\u00a011 de novembro\u00a0a\u00a0Base Naval de Aratu\u00a0estar\u00e1\u00a0aberta ao p\u00fablico, oferecendo\u00a0palestras, exposi\u00e7\u00f5es e demonstra\u00e7\u00f5es operacionais\u00a0\u2014 uma oportunidade in\u00e9dita de aproxima\u00e7\u00e3o entre a sociedade civil e a\u00a0Marinha do Brasil.<\/p>\n<p data-start=\"2945\" data-end=\"3792\">A programa\u00e7\u00e3o dialoga diretamente com os temas da\u00a0COP30, em\u00a0Bel\u00e9m (PA), onde a Bahia ser\u00e1 destaque em pain\u00e9is sobre\u00a0energia limpa, inova\u00e7\u00e3o e sustentabilidade.<\/p>\n<p data-start=\"2945\" data-end=\"3792\">Ao sediar a ARAMUSS-2025, o estado fortalece sua voca\u00e7\u00e3o para\u00a0liderar a economia mar\u00edtima brasileira, integrando\u00a0defesa, ci\u00eancia e desenvolvimento sustent\u00e1vel\u00a0em um mesmo horizonte estrat\u00e9gico.<\/p>\n<p data-start=\"2945\" data-end=\"3792\">Fonte: Defesa em Foco<\/p>\n<\/div>\n","protected":false},"excerpt":{"rendered":"<p>Quem acompanhou a plen\u00e1ria da\u00a0Associa\u00e7\u00e3o Comercial da Bahia (ACB)\u00a0na noite do dia\u00a06 de novembro\u00a0testemunhou um momento simb\u00f3lico para o avan\u00e7o da\u00a0economia do mar\u00a0no estado. A\u00a0Marinha&#8230;<\/p>\n","protected":false},"author":1527,"featured_media":58696,"comment_status":"closed","ping_status":"closed","sticky":false,"template":"","format":"standard","meta":{"footnotes":""},"categories":[6],"tags":[],"class_list":["post-62237","post","type-post","status-publish","format-standard","has-post-thumbnail","hentry","category-noticias"],"_links":{"self":[{"href":"https:\/\/www.sincomam.org.br\/index.php\/wp-json\/wp\/v2\/posts\/62237","targetHints":{"allow":["GET"]}}],"collection":[{"href":"https:\/\/www.sincomam.org.br\/index.php\/wp-json\/wp\/v2\/posts"}],"about":[{"href":"https:\/\/www.sincomam.org.br\/index.php\/wp-json\/wp\/v2\/types\/post"}],"author":[{"embeddable":true,"href":"https:\/\/www.sincomam.org.br\/index.php\/wp-json\/wp\/v2\/users\/1527"}],"replies":[{"embeddable":true,"href":"https:\/\/www.sincomam.org.br\/index.php\/wp-json\/wp\/v2\/comments?post=62237"}],"version-history":[{"count":1,"href":"https:\/\/www.sincomam.org.br\/index.php\/wp-json\/wp\/v2\/posts\/62237\/revisions"}],"predecessor-version":[{"id":62239,"href":"https:\/\/www.sincomam.org.br\/index.php\/wp-json\/wp\/v2\/posts\/62237\/revisions\/62239"}],"wp:featuredmedia":[{"embeddable":true,"href":"https:\/\/www.sincomam.org.br\/index.php\/wp-json\/wp\/v2\/media\/58696"}],"wp:attachment":[{"href":"https:\/\/www.sincomam.org.br\/index.php\/wp-json\/wp\/v2\/media?parent=62237"}],"wp:term":[{"taxonomy":"category","embeddable":true,"href":"https:\/\/www.sincomam.org.br\/index.php\/wp-json\/wp\/v2\/categories?post=62237"},{"taxonomy":"post_tag","embeddable":true,"href":"https:\/\/www.sincomam.org.br\/index.php\/wp-json\/wp\/v2\/tags?post=62237"}],"curies":[{"name":"wp","href":"https:\/\/api.w.org\/{rel}","templated":true}]}}