{"id":62211,"date":"2025-11-11T10:16:46","date_gmt":"2025-11-11T13:16:46","guid":{"rendered":"https:\/\/www.sincomam.org.br\/?p=62211"},"modified":"2025-11-11T10:16:46","modified_gmt":"2025-11-11T13:16:46","slug":"marinha-mobiliza-navios-tropas-e-aeronaves-para-exercicio-de-protecao-de-cabos-submarinos-em-fortaleza","status":"publish","type":"post","link":"https:\/\/www.sincomam.org.br\/index.php\/marinha-mobiliza-navios-tropas-e-aeronaves-para-exercicio-de-protecao-de-cabos-submarinos-em-fortaleza\/","title":{"rendered":"Marinha mobiliza navios, tropas e aeronaves para exerc\u00edcio de prote\u00e7\u00e3o de cabos submarinos, em Fortaleza"},"content":{"rendered":"<p class=\"text-align-justify\">Na sexta-feira, a Praia do Futuro, em Fortaleza (CE), come\u00e7ou a receber os meios navais da Marinha do Brasil (MB) que participar\u00e3o do 2\u00ba exerc\u00edcio de prote\u00e7\u00e3o de cabos submarinos, previsto para a pr\u00f3xima semana. O treinamento tem como objetivo proteger infraestruturas cr\u00edticas associadas \u00e0 soberania digital, \u00e0 seguran\u00e7a cibern\u00e9tica e \u00e0 integridade das comunica\u00e7\u00f5es nacionais.<\/p>\n<h5 class=\"text-align-justify\">Da ideia \u00e0 a\u00e7\u00e3o<\/h5>\n<p class=\"text-align-justify\">A iniciativa teve origem no Workshop sobre Prote\u00e7\u00e3o de Cabos Submarinos, realizado em 2024, que reuniu autoridades governamentais, especialistas em seguran\u00e7a cibern\u00e9tica e representantes do setor de telecomunica\u00e7\u00f5es. O evento evidenciou a necessidade urgente de empregar capacidades operacionais espec\u00edficas para a prote\u00e7\u00e3o dessas infraestruturas, respons\u00e1veis por quase a totalidade das transmiss\u00f5es de dados no Brasil.<\/p>\n<p class=\"text-align-justify\">Como resultado direto dos debates, foi realizado, em maio daquele ano, o 1\u00ba Exerc\u00edcio de Prote\u00e7\u00e3o de Cabos Submarinos, que testou, pela primeira vez no Brasil, procedimentos integrados de vigil\u00e2ncia, resposta a incidentes e coordena\u00e7\u00e3o interag\u00eancias para a prote\u00e7\u00e3o desses sistemas.<\/p>\n<h5 class=\"text-align-justify\">Mobiliza\u00e7\u00e3o de meios navais<\/h5>\n<p class=\"text-align-justify\">Para o 2\u00ba exerc\u00edcio de prote\u00e7\u00e3o de cabos submarinos, a MB mobilizou 385 militares e 23 meios, incluindo o Navio de Socorro Submarino \u201cGuillobel\u201d (K120), o Submarino \u201cHumait\u00e1\u201d (S41) e o helic\u00f3ptero SH-16 \u201cSeahawk\u201d, al\u00e9m do Avi\u00e3o de Patrulha P-95 \u201cBandeirulha\u201d, da For\u00e7a A\u00e9rea Brasileira (FAB). Tamb\u00e9m participar\u00e3o do exerc\u00edcio, como parte desse esfor\u00e7o, 44 t\u00e9cnicos de diferentes empresas de cabos submarinos.<\/p>\n<h5 class=\"text-align-justify\">Submarino Humait\u00e1 (S-41)<\/h5>\n<p class=\"text-align-justify\">O Submarino \u201cHumait\u00e1\u201d (S-41), um dos mais modernos meios da MB, realizar\u00e1 na pr\u00f3xima semana, uma opera\u00e7\u00e3o de Intelig\u00eancia, Vigil\u00e2ncia e Reconhecimento (IVR) na \u00e1rea mar\u00edtima de Fortaleza, o maior <em>hub<\/em> de cabos submarinos da Am\u00e9rica Latina. As a\u00e7\u00f5es ocorrer\u00e3o a 50 milhas n\u00e1uticas (cerca de 90 quil\u00f4metros) do Porto de Mucuripe (CE).<\/p>\n<p class=\"text-align-justify\">Navegando a 300 metros de profundidade, o Submarino \u201cHumait\u00e1\u201d veio da foz do Rio Amazonas, onde participou da Opera\u00e7\u00e3o \u201cAtlas 2025\u201d, e chegou ao Cear\u00e1 em 6 de novembro.<\/p>\n<h5 class=\"text-align-justify\">Navio de Socorro Submarino Guillobel<\/h5>\n<p class=\"text-align-justify\">O NSS \u201cGuillobel\u201d (K-120) \u00e9 um navio especializado em opera\u00e7\u00f5es de mergulho e salvamento de submarinos, baseado no Rio de Janeiro, a 1.800 milhas n\u00e1uticas (3.334 quil\u00f4metros) de Fortaleza. O navio tem participado das a\u00e7\u00f5es de prote\u00e7\u00e3o de cabos submarinos, demonstrando capacidade para localizar e inspecionar esses cabos. Durante o exerc\u00edcio em Fortaleza, o \u201cGuillobel\u201d realizar\u00e1 testes de opera\u00e7\u00e3o com um ve\u00edculo submarino remotamente pilotado, de fabrica\u00e7\u00e3o nacional, produzido pela empresa BRS Rob\u00f3tica.<\/p>\n<h5 class=\"text-align-justify\">Fuzileiros Navais: Comando da Divis\u00e3o Litor\u00e2nea (ComDivLit) e 3\u00ba Batalh\u00e3o de Opera\u00e7\u00f5es Litor\u00e2neas<\/h5>\n<p class=\"text-align-justify\">Criada em 2025, durante o processo de reestrutura\u00e7\u00e3o do Corpo de Fuzileiros Navais, a Divis\u00e3o Litor\u00e2nea tem como objetivo aprimorar a capacidade operacional dos Fuzileiros Navais em \u00e1reas litor\u00e2neas, expandindo suas tarefas e capacidades para garantir a seguran\u00e7a e a defesa da costa brasileira.<\/p>\n<p class=\"text-align-justify\">Os Fuzileiros Navais da Divis\u00e3o Litor\u00e2nea integrados aos do 3\u00ba Batalh\u00e3o de Opera\u00e7\u00f5es Litor\u00e2neas de Natal ser\u00e3o respons\u00e1veis pela seguran\u00e7a f\u00edsica de \u00e1reas e instala\u00e7\u00f5es em terra que fazem parte do sistema de cabos submarinos, contribuindo com as empresas de telecomunica\u00e7\u00f5es na prote\u00e7\u00e3o dos <em>data centers<\/em> e esta\u00e7\u00f5es terrestres.<\/p>\n<h5 class=\"text-align-justify\">Aeronave Seahawk (SH-16)<\/h5>\n<p class=\"text-align-justify\">O SH-16 Seahawk \u00e9 um helic\u00f3ptero multiprop\u00f3sito da MB, cuja miss\u00e3o principal \u00e9 a guerra antissubmarino e antissuperf\u00edcie. Tamb\u00e9m \u00e9 empregado em atividades como busca e salvamento, evacua\u00e7\u00e3o aerom\u00e9dica e transporte log\u00edstico. Durante o exerc\u00edcio, a aeronave realizar\u00e1 a\u00e7\u00f5es de IVR, diurnas e noturnas, com o objetivo de identificar e registrar atividades de mergulho e a opera\u00e7\u00e3o de ve\u00edculos submarinos empregados nas a\u00e7\u00f5es de prote\u00e7\u00e3o.<\/p>\n<h5 class=\"text-align-justify\">Opera\u00e7\u00f5es Especiais: Comandos Anf\u00edbios e Mergulhadores de Combate<\/h5>\n<p class=\"text-align-justify\">A MB disp\u00f5e do Comando Naval de Opera\u00e7\u00f5es Especiais, do Batalh\u00e3o de Opera\u00e7\u00f5es Especiais de Fuzileiros Navais e do Grupamento de Mergulhadores de Combate, do Centro de Guerra Ac\u00fastica e Eletr\u00f4nica e do Esquadr\u00e3o de Guerra Cibern\u00e9tica para a realiza\u00e7\u00e3o de opera\u00e7\u00f5es n\u00e3o convencionais, nos diferentes dom\u00ednios em que se desenvolvem os conflitos modernos, contribuindo para o emprego do Poder Naval.<\/p>\n<p class=\"text-align-justify\">Durante o Exerc\u00edcio \u201cTridente\u201d, os Mergulhadores de Combate e os Comandos Anf\u00edbios realizar\u00e3o treinamentos de abordagem a navios suspeitos e retomada de instala\u00e7\u00f5es, com foco na prote\u00e7\u00e3o de infraestruturas cr\u00edticas dos cabos submarinos, tanto no mar quanto em terra.<\/p>\n<p class=\"text-align-justify\">No dom\u00ednio cibern\u00e9tico, o Esquadr\u00e3o de Guerra Cibern\u00e9tica aproveitar\u00e1 o exerc\u00edcio para estreitar la\u00e7os com as empresas de telecomunica\u00e7\u00f5es, compreender o funcionamento de seus sistemas de tecnologia da informa\u00e7\u00e3o e operacional, al\u00e9m de apresentar suas capacidades para contribuir com a defesa cibern\u00e9tica dos sistemas. Esse conhecimento m\u00fatuo visa aprimorar os protocolos de acionamento da For\u00e7a e viabilizar a realiza\u00e7\u00e3o de exerc\u00edcios futuros no dom\u00ednio cibern\u00e9tico.<\/p>\n<p class=\"text-align-justify\">O Centro de Guerra Ac\u00fastica e Eletr\u00f4nica da Marinha viabilizar\u00e1 a\u00e7\u00f5es de intelig\u00eancia por meio das an\u00e1lises de emiss\u00f5es eletromagn\u00e9ticas e ac\u00fasticas, bem como pela an\u00e1lise de imagens satelitais e aerofotogram\u00e9tricas, fornecidas pela FAB, que integrar\u00e1 o exerc\u00edcio com aeronaves de patrulha e com seus meios satelitais de reconhecimento.<\/p>\n<p class=\"text-align-justify\">Na condi\u00e7\u00e3o de coordenador do exerc\u00edcio, o Comando Naval de Opera\u00e7\u00f5es Especiais tem atuado em articula\u00e7\u00e3o com o Comando do 3\u00ba Distrito Naval e com o Comando de Opera\u00e7\u00f5es Mar\u00edtimas e de Prote\u00e7\u00e3o da Amaz\u00f4nia Azul, contribuindo para a integra\u00e7\u00e3o e o emprego coordenado dos meios envolvidos.<\/p>\n<p class=\"text-align-justify\">Os cabos submarinos s\u00e3o respons\u00e1veis pela transmiss\u00e3o de dados financeiros, governamentais, cient\u00edficos e de comunica\u00e7\u00e3o entre continentes. Qualquer interrup\u00e7\u00e3o nesses sistemas pode gerar impactos econ\u00f4micos significativos e comprometer a soberania digital do Pa\u00eds. Por isso, a prote\u00e7\u00e3o dessas estruturas \u00e9 considerada prioridade estrat\u00e9gica para a seguran\u00e7a nacional.<\/p>\n<h5 class=\"text-align-justify\">Soberania mar\u00edtima e seguran\u00e7a cibern\u00e9tica<\/h5>\n<p class=\"text-align-justify\">Por meio da atua\u00e7\u00e3o permanente na Amaz\u00f4nia Azul, a MB contribui para a vigil\u00e2ncia e o monitoramento das rotas onde est\u00e3o instalados os cabos submarinos, refor\u00e7ando a presen\u00e7a do Estado brasileiro no mar. A integra\u00e7\u00e3o entre vigil\u00e2ncia naval e seguran\u00e7a cibern\u00e9tica representa um novo paradigma na defesa nacional, onde a prote\u00e7\u00e3o do territ\u00f3rio mar\u00edtimo se conecta diretamente \u00e0 integridade da comunica\u00e7\u00e3o digital.<\/p>\n<p>Fonte: Ag\u00eancia Marinha de Not\u00edcias<\/p>\n","protected":false},"excerpt":{"rendered":"<p>Na sexta-feira, a Praia do Futuro, em Fortaleza (CE), come\u00e7ou a receber os meios navais da Marinha do Brasil (MB) que participar\u00e3o do 2\u00ba exerc\u00edcio&#8230;<\/p>\n","protected":false},"author":1527,"featured_media":62212,"comment_status":"closed","ping_status":"closed","sticky":false,"template":"","format":"standard","meta":{"footnotes":""},"categories":[6],"tags":[],"class_list":["post-62211","post","type-post","status-publish","format-standard","has-post-thumbnail","hentry","category-noticias"],"_links":{"self":[{"href":"https:\/\/www.sincomam.org.br\/index.php\/wp-json\/wp\/v2\/posts\/62211","targetHints":{"allow":["GET"]}}],"collection":[{"href":"https:\/\/www.sincomam.org.br\/index.php\/wp-json\/wp\/v2\/posts"}],"about":[{"href":"https:\/\/www.sincomam.org.br\/index.php\/wp-json\/wp\/v2\/types\/post"}],"author":[{"embeddable":true,"href":"https:\/\/www.sincomam.org.br\/index.php\/wp-json\/wp\/v2\/users\/1527"}],"replies":[{"embeddable":true,"href":"https:\/\/www.sincomam.org.br\/index.php\/wp-json\/wp\/v2\/comments?post=62211"}],"version-history":[{"count":1,"href":"https:\/\/www.sincomam.org.br\/index.php\/wp-json\/wp\/v2\/posts\/62211\/revisions"}],"predecessor-version":[{"id":62213,"href":"https:\/\/www.sincomam.org.br\/index.php\/wp-json\/wp\/v2\/posts\/62211\/revisions\/62213"}],"wp:featuredmedia":[{"embeddable":true,"href":"https:\/\/www.sincomam.org.br\/index.php\/wp-json\/wp\/v2\/media\/62212"}],"wp:attachment":[{"href":"https:\/\/www.sincomam.org.br\/index.php\/wp-json\/wp\/v2\/media?parent=62211"}],"wp:term":[{"taxonomy":"category","embeddable":true,"href":"https:\/\/www.sincomam.org.br\/index.php\/wp-json\/wp\/v2\/categories?post=62211"},{"taxonomy":"post_tag","embeddable":true,"href":"https:\/\/www.sincomam.org.br\/index.php\/wp-json\/wp\/v2\/tags?post=62211"}],"curies":[{"name":"wp","href":"https:\/\/api.w.org\/{rel}","templated":true}]}}