{"id":62202,"date":"2025-11-11T10:03:07","date_gmt":"2025-11-11T13:03:07","guid":{"rendered":"https:\/\/www.sincomam.org.br\/?p=62202"},"modified":"2025-11-11T10:03:07","modified_gmt":"2025-11-11T13:03:07","slug":"na-cop-30-costa-filho-defende-compromisso-com-descarbonizacao-e-transicao-energetica","status":"publish","type":"post","link":"https:\/\/www.sincomam.org.br\/index.php\/na-cop-30-costa-filho-defende-compromisso-com-descarbonizacao-e-transicao-energetica\/","title":{"rendered":"Na COP 30, Costa Filho defende compromisso com descarboniza\u00e7\u00e3o e transi\u00e7\u00e3o energ\u00e9tica"},"content":{"rendered":"<p>O ministro de portos e aeroportos, Silvio Costa Filho, destacou em discurso nesta segunda-feira (10), na abertura do Espa\u00e7o do Desenvolvimento, na Green Zone da COP 30, em Bel\u00e9m (PA), a import\u00e2ncia de integrar os modais portu\u00e1rio e hidrovi\u00e1rio \u00e0 agenda clim\u00e1tica global. Ele disse que o Brasil tem papel estrat\u00e9gico na redu\u00e7\u00e3o de emiss\u00f5es e na promo\u00e7\u00e3o de uma infraestrutura verde e eficiente.<\/p>\n<p>Costa Filho antecipou que, ao longo da confer\u00eancia, ser\u00e3o apresentadas novas iniciativas voltadas \u00e0 moderniza\u00e7\u00e3o e descarboniza\u00e7\u00e3o do setor. \u201cO Brasil tem condi\u00e7\u00f5es de liderar a transi\u00e7\u00e3o energ\u00e9tica do transporte mundial, unindo sustentabilidade, efici\u00eancia e gera\u00e7\u00e3o de empregos verdes\u201d, afirmou o ministro.<\/p>\n<p>Costa Filho explicou que o estande da CNT tem como objetivo promover discuss\u00f5es sobre a transi\u00e7\u00e3o energ\u00e9tica e o combust\u00edvel do futuro, al\u00e9m de abordar temas espec\u00edficos nas \u00e1reas de navega\u00e7\u00e3o e avia\u00e7\u00e3o. E citou como exemplo o SAF, combust\u00edvel sustent\u00e1vel que representa uma das principais apostas do setor para reduzir emiss\u00f5es.<\/p>\n<p>O Espa\u00e7o do Desenvolvimento \u00e9 promovido pelo Sistema Transporte, formado pela Confedera\u00e7\u00e3o Nacional do Transporte (CNT), Servi\u00e7o Social do Transporte (Sest), Servi\u00e7o Nacional de Aprendizagem do Transporte (Senat) e Instituto de Transporte e Log\u00edstica (ITL) em coopera\u00e7\u00e3o com o MPor e o Minist\u00e9rio dos Transportes.<\/p>\n<p>Fonte: Portos e Navios<\/p>\n","protected":false},"excerpt":{"rendered":"<p>O ministro de portos e aeroportos, Silvio Costa Filho, destacou em discurso nesta segunda-feira (10), na abertura do Espa\u00e7o do Desenvolvimento, na Green Zone da&#8230;<\/p>\n","protected":false},"author":1527,"featured_media":62203,"comment_status":"closed","ping_status":"closed","sticky":false,"template":"","format":"standard","meta":{"footnotes":""},"categories":[6],"tags":[],"class_list":["post-62202","post","type-post","status-publish","format-standard","has-post-thumbnail","hentry","category-noticias"],"_links":{"self":[{"href":"https:\/\/www.sincomam.org.br\/index.php\/wp-json\/wp\/v2\/posts\/62202","targetHints":{"allow":["GET"]}}],"collection":[{"href":"https:\/\/www.sincomam.org.br\/index.php\/wp-json\/wp\/v2\/posts"}],"about":[{"href":"https:\/\/www.sincomam.org.br\/index.php\/wp-json\/wp\/v2\/types\/post"}],"author":[{"embeddable":true,"href":"https:\/\/www.sincomam.org.br\/index.php\/wp-json\/wp\/v2\/users\/1527"}],"replies":[{"embeddable":true,"href":"https:\/\/www.sincomam.org.br\/index.php\/wp-json\/wp\/v2\/comments?post=62202"}],"version-history":[{"count":1,"href":"https:\/\/www.sincomam.org.br\/index.php\/wp-json\/wp\/v2\/posts\/62202\/revisions"}],"predecessor-version":[{"id":62204,"href":"https:\/\/www.sincomam.org.br\/index.php\/wp-json\/wp\/v2\/posts\/62202\/revisions\/62204"}],"wp:featuredmedia":[{"embeddable":true,"href":"https:\/\/www.sincomam.org.br\/index.php\/wp-json\/wp\/v2\/media\/62203"}],"wp:attachment":[{"href":"https:\/\/www.sincomam.org.br\/index.php\/wp-json\/wp\/v2\/media?parent=62202"}],"wp:term":[{"taxonomy":"category","embeddable":true,"href":"https:\/\/www.sincomam.org.br\/index.php\/wp-json\/wp\/v2\/categories?post=62202"},{"taxonomy":"post_tag","embeddable":true,"href":"https:\/\/www.sincomam.org.br\/index.php\/wp-json\/wp\/v2\/tags?post=62202"}],"curies":[{"name":"wp","href":"https:\/\/api.w.org\/{rel}","templated":true}]}}