{"id":62192,"date":"2025-11-10T06:12:52","date_gmt":"2025-11-10T09:12:52","guid":{"rendered":"https:\/\/www.sincomam.org.br\/?p=62192"},"modified":"2025-11-09T19:22:22","modified_gmt":"2025-11-09T22:22:22","slug":"portos-brasileiros-batem-recorde-com-104-bilhao-de-toneladas-movimentadas","status":"publish","type":"post","link":"https:\/\/www.sincomam.org.br\/index.php\/portos-brasileiros-batem-recorde-com-104-bilhao-de-toneladas-movimentadas\/","title":{"rendered":"Portos brasileiros batem recorde com 1,04 bilh\u00e3o de toneladas movimentadas"},"content":{"rendered":"<p dir=\"ltr\">\u00a0Batendo mais um recorde, os portos brasileiros movimentaram 1,04 bilh\u00e3o de toneladas de cargas no acumulado entre janeiro e setembro. Isso representa 3,25% em compara\u00e7\u00e3o com o mesmo per\u00edodo do ano passado.<\/p>\n<p dir=\"ltr\">Segundo os dados do Estat\u00edstico Aquavi\u00e1rio da Ag\u00eancia Nacional de Transportes Aquavi\u00e1rios (ANTAQ), em setembro foram movimentados 120,4 milh\u00f5es de toneladas (+4,84%). O n\u00famero tamb\u00e9m foi o maior para o m\u00eas na s\u00e9rie hist\u00f3rica.<\/p>\n<p dir=\"ltr\">Ao longo do m\u00eas de setembro tamb\u00e9m aconteceram recordes nas navega\u00e7\u00f5es de longo curso, cabotagem e navega\u00e7\u00e3o interior. O primeiro foi respons\u00e1vel pela movimenta\u00e7\u00e3o de 87,7 milh\u00f5es de toneladas de cargas, um aumento de 3,35%; a movimenta\u00e7\u00e3o de cabotagem atingiu 25,1 milh\u00f5es de toneladas, um crescimento de 1,28%; e a navega\u00e7\u00e3o interior movimentou 7,5 milh\u00f5es de toneladas, uma alta de 50%.<\/p>\n<p dir=\"ltr\"><strong>Cargas e mercadoria<\/strong><\/p>\n<p dir=\"ltr\">Outros recordes aconteceram nas movimenta\u00e7\u00f5es de gran\u00e9is s\u00f3lidos e l\u00edquidos, e nas cargas conteinerizadas. Foram movimentados 72,8 milh\u00f5es de toneladas de gran\u00e9is s\u00f3lidos no nono m\u00eas do ano, um crescimento de 4,72%, enquanto os gran\u00e9is l\u00edquidos movimentaram 28,3 milh\u00f5es, um aumento de 6,49%.<\/p>\n<p dir=\"ltr\">As cargas conteinerizadas atingiram movimenta\u00e7\u00e3o de 14,1 milh\u00f5es, uma alta de 7,12%, isso representa 1,3 milh\u00e3o de TEUs \u2013 desse total, 0,9 milh\u00e3o de toneladas foram movimentadas em longo curso e 0,4 milh\u00e3o por cabotagem. Por fim, a carga geral movimentou 5,2 milh\u00f5es de toneladas (-6,85%).<\/p>\n<p dir=\"ltr\">Ao longo do m\u00eas de setembro, as cargas que tiveram a maior movimenta\u00e7\u00e3o foram: Min\u00e9rio de Ferro, com movimenta\u00e7\u00e3o de 36,6 milh\u00f5es de toneladas e crescimento de 1,92%; Petr\u00f3leo e Derivados (\u00d3leo Bruto) que atingiu movimenta\u00e7\u00e3o de 18,8 milh\u00f5es e alta de 8,85%; e Milho que movimentou 10,1 milh\u00f5es e avan\u00e7ou 12,89%.<\/p>\n<p dir=\"ltr\"><strong>Portos P\u00fablicos<\/strong><\/p>\n<p dir=\"ltr\">Os portos p\u00fablicos movimentaram 43,8 milh\u00f5es de toneladas de cargas em setembro de 2025. O n\u00famero representa aumento de 3,26% em compara\u00e7\u00e3o com o mesmo per\u00edodo do ano anterior.<\/p>\n<p dir=\"ltr\">Entre os 20 portos p\u00fablicos que mais movimentam no pa\u00eds, o com maior crescimento percentual no nono m\u00eas do ano foi o Porto de Santana (AP). O aumento foi de 40,12%, em compara\u00e7\u00e3o com setembro de 2024, e a movimenta\u00e7\u00e3o atingiu 0,4 milh\u00e3o de toneladas.<\/p>\n<p dir=\"ltr\"><strong>Terminais Privados<\/strong><\/p>\n<p dir=\"ltr\">Nos terminais autorizados houve um crescimento de 5,77% na movimenta\u00e7\u00e3o em rela\u00e7\u00e3o a setembro do ano passado. O setor movimentou 76,6 milh\u00f5es de toneladas de cargas.<\/p>\n<p dir=\"ltr\">Entre os 20 TUPs que mais movimentaram em setembro, o com o maior crescimento de movimenta\u00e7\u00e3o, comparado ao mesmo m\u00eas do ano passado, \u00e9 o Terminal Mar\u00edtimo Ponta Ubu (ES) com uma alta de 121,1%. O terminal movimentou 1,2 milh\u00e3o de toneladas de cargas.<\/p>\n<p dir=\"ltr\"><strong>Painel Estat\u00edstico<\/strong><\/p>\n<p dir=\"ltr\">O\u00a0<a class=\"external-link\" title=\"\" href=\"https:\/\/web3.antaq.gov.br\/ea\/sense\/index.html\" target=\"_blank\" rel=\"noopener\" data-tippreview-enabled=\"false\" data-tippreview-image=\"\" data-tippreview-title=\"\">Painel Estat\u00edstico da ANTAQ<\/a>\u00a0pode ser acessado via smartphones e tablets, dispon\u00edvel no site da Ag\u00eancia. Na consulta eletr\u00f4nica podem ser checados dados de transporte de longo curso, cabotagem, vias interiores, al\u00e9m da movimenta\u00e7\u00e3o portu\u00e1ria de cont\u00eaineres.<\/p>\n<p dir=\"ltr\">Fonte: Antaq<\/p>\n","protected":false},"excerpt":{"rendered":"<p>\u00a0Batendo mais um recorde, os portos brasileiros movimentaram 1,04 bilh\u00e3o de toneladas de cargas no acumulado entre janeiro e setembro. Isso representa 3,25% em compara\u00e7\u00e3o&#8230;<\/p>\n","protected":false},"author":1527,"featured_media":62193,"comment_status":"closed","ping_status":"closed","sticky":false,"template":"","format":"standard","meta":{"footnotes":""},"categories":[6],"tags":[],"class_list":["post-62192","post","type-post","status-publish","format-standard","has-post-thumbnail","hentry","category-noticias"],"_links":{"self":[{"href":"https:\/\/www.sincomam.org.br\/index.php\/wp-json\/wp\/v2\/posts\/62192","targetHints":{"allow":["GET"]}}],"collection":[{"href":"https:\/\/www.sincomam.org.br\/index.php\/wp-json\/wp\/v2\/posts"}],"about":[{"href":"https:\/\/www.sincomam.org.br\/index.php\/wp-json\/wp\/v2\/types\/post"}],"author":[{"embeddable":true,"href":"https:\/\/www.sincomam.org.br\/index.php\/wp-json\/wp\/v2\/users\/1527"}],"replies":[{"embeddable":true,"href":"https:\/\/www.sincomam.org.br\/index.php\/wp-json\/wp\/v2\/comments?post=62192"}],"version-history":[{"count":1,"href":"https:\/\/www.sincomam.org.br\/index.php\/wp-json\/wp\/v2\/posts\/62192\/revisions"}],"predecessor-version":[{"id":62194,"href":"https:\/\/www.sincomam.org.br\/index.php\/wp-json\/wp\/v2\/posts\/62192\/revisions\/62194"}],"wp:featuredmedia":[{"embeddable":true,"href":"https:\/\/www.sincomam.org.br\/index.php\/wp-json\/wp\/v2\/media\/62193"}],"wp:attachment":[{"href":"https:\/\/www.sincomam.org.br\/index.php\/wp-json\/wp\/v2\/media?parent=62192"}],"wp:term":[{"taxonomy":"category","embeddable":true,"href":"https:\/\/www.sincomam.org.br\/index.php\/wp-json\/wp\/v2\/categories?post=62192"},{"taxonomy":"post_tag","embeddable":true,"href":"https:\/\/www.sincomam.org.br\/index.php\/wp-json\/wp\/v2\/tags?post=62192"}],"curies":[{"name":"wp","href":"https:\/\/api.w.org\/{rel}","templated":true}]}}