{"id":62176,"date":"2025-11-07T08:12:50","date_gmt":"2025-11-07T11:12:50","guid":{"rendered":"https:\/\/www.sincomam.org.br\/?p=62176"},"modified":"2025-11-07T08:12:50","modified_gmt":"2025-11-07T11:12:50","slug":"saiba-quem-sera-contemplado-e-como-funcionara-a-isencao-do-ir","status":"publish","type":"post","link":"https:\/\/www.sincomam.org.br\/index.php\/saiba-quem-sera-contemplado-e-como-funcionara-a-isencao-do-ir\/","title":{"rendered":"Saiba quem ser\u00e1 contemplado e como funcionar\u00e1 a isen\u00e7\u00e3o do IR"},"content":{"rendered":"<p>O plen\u00e1rio do Senado aprovou por unanimidade o Projeto de Lei 1.087\/2025,\u00a0que amplia a faixa de isen\u00e7\u00e3o do Imposto de Renda\u00a0(IR), contemplando quem ganha at\u00e9 R$ 5 mil. Encaminhado pelo governo federal em mar\u00e7o ao Congresso, o texto foi aprovado em outubro pela C\u00e2mara e, ap\u00f3s a vota\u00e7\u00e3o pelo Senado, poder\u00e1 ser sancionado.\u00a0<img decoding=\"async\" src=\"https:\/\/agenciabrasil.ebc.com.br\/ebc.png?id=1666467&amp;o=node\" \/><img decoding=\"async\" src=\"https:\/\/agenciabrasil.ebc.com.br\/ebc.gif?id=1666467&amp;o=node\" \/><\/p>\n<p>A san\u00e7\u00e3o deve ocorrer nos pr\u00f3ximos dias para que a isen\u00e7\u00e3o possa valer j\u00e1 em 2026.\u00a0A principal mudan\u00e7a \u00e9 que o projeto isenta quem ganha at\u00e9 R$ 5 mil mensais e aumenta a taxa\u00e7\u00e3o dos mais ricos.<\/p>\n<p>O governo calcula que cerca de 25 milh\u00f5es de brasileiros v\u00e3o pagar menos impostos, enquanto outros 200 mil contribuintes ter\u00e3o algum aumento na tributa\u00e7\u00e3o.<\/p>\n<p>Confira abaixo as principais mudan\u00e7as a partir da aprova\u00e7\u00e3o do projeto:<\/p>\n<h2>Quem vai deixar de pagar o Imposto de Renda?<\/h2>\n<p>Atualmente, a isen\u00e7\u00e3o do IR alcan\u00e7a apenas quem ganha at\u00e9 R$ 3.076 (dois sal\u00e1rios m\u00ednimos).\u00a0A nova legisla\u00e7\u00e3o isentar\u00e1, a partir de janeiro do ano que vem, o imposto de renda sobre rendimentos mensais de at\u00e9 R$ 5 mil para pessoas f\u00edsicas.<\/p>\n<h2>Quais faixas de renda v\u00e3o passar a pagar menos imposto?<\/h2>\n<p>Para quem ganha entre R$ 5.000,01 e\u00a0R$ 7.350, haver\u00e1 uma redu\u00e7\u00e3o\u00a0parcial dos valores a serem pagos\u00a0\u2013 quanto menos\u00a0ganhar, maior\u00a0a redu\u00e7\u00e3o.<\/p>\n<p>Os contribuintes com rendimentos acima de R$ 7.350 n\u00e3o ser\u00e3o contemplados pela medida.<\/p>\n<h2>Quem vai pagar mais imposto?<\/h2>\n<p>Para compensar a perda de arrecada\u00e7\u00e3o com a isen\u00e7\u00e3o,\u00a0o projeto prev\u00ea uma al\u00edquota extra progressiva de at\u00e9 10% para aqueles que recebem mais de R$ 600 mil por ano, o equivalente a R$ 50 mil por m\u00eas.\u00a0O texto tamb\u00e9m estabelece a tributa\u00e7\u00e3o para lucros e dividendos remetidos para o exterior com al\u00edquota de 10%.<\/p>\n<p>Contribuintes pessoas f\u00edsicas de alta renda recolhem hoje, em m\u00e9dia, uma al\u00edquota efetiva de 2,5% de IR sobre seus rendimentos totais, incluindo distribui\u00e7\u00e3o de lucros e dividendos. Trabalhadores em geral pagam, em m\u00e9dia, 9% a 11% de IR sobre seus ganhos.<\/p>\n<h2>A partir de quando vai valer a mudan\u00e7a?<\/h2>\n<p>A nova regra vai valer a partir do ano que vem, caso seja sancionada at\u00e9 dia 11 de novembro.\u00a0O governo j\u00e1 sinalizou que ir\u00e1 sancionar a medida at\u00e9 esta data.<\/p>\n<p>Dessa forma,\u00a0a partir de janeiro de 2026, quem ganha at\u00e9 R$ 5 mil deixa de pagar ter o imposto descontado e,\u00a0quem ganha at\u00e9 R$ 7.350,\u00a0pagar\u00e1 menos.<\/p>\n<p>Na pr\u00e1tica, a isen\u00e7\u00e3o ter\u00e1 impacto na declara\u00e7\u00e3o do IRPF 2027, com o ano-base 2026.<\/p>\n","protected":false},"excerpt":{"rendered":"<p>O plen\u00e1rio do Senado aprovou por unanimidade o Projeto de Lei 1.087\/2025,\u00a0que amplia a faixa de isen\u00e7\u00e3o do Imposto de Renda\u00a0(IR), contemplando quem ganha at\u00e9&#8230;<\/p>\n","protected":false},"author":1527,"featured_media":62177,"comment_status":"closed","ping_status":"closed","sticky":false,"template":"","format":"standard","meta":{"footnotes":""},"categories":[6],"tags":[],"class_list":["post-62176","post","type-post","status-publish","format-standard","has-post-thumbnail","hentry","category-noticias"],"_links":{"self":[{"href":"https:\/\/www.sincomam.org.br\/index.php\/wp-json\/wp\/v2\/posts\/62176","targetHints":{"allow":["GET"]}}],"collection":[{"href":"https:\/\/www.sincomam.org.br\/index.php\/wp-json\/wp\/v2\/posts"}],"about":[{"href":"https:\/\/www.sincomam.org.br\/index.php\/wp-json\/wp\/v2\/types\/post"}],"author":[{"embeddable":true,"href":"https:\/\/www.sincomam.org.br\/index.php\/wp-json\/wp\/v2\/users\/1527"}],"replies":[{"embeddable":true,"href":"https:\/\/www.sincomam.org.br\/index.php\/wp-json\/wp\/v2\/comments?post=62176"}],"version-history":[{"count":1,"href":"https:\/\/www.sincomam.org.br\/index.php\/wp-json\/wp\/v2\/posts\/62176\/revisions"}],"predecessor-version":[{"id":62178,"href":"https:\/\/www.sincomam.org.br\/index.php\/wp-json\/wp\/v2\/posts\/62176\/revisions\/62178"}],"wp:featuredmedia":[{"embeddable":true,"href":"https:\/\/www.sincomam.org.br\/index.php\/wp-json\/wp\/v2\/media\/62177"}],"wp:attachment":[{"href":"https:\/\/www.sincomam.org.br\/index.php\/wp-json\/wp\/v2\/media?parent=62176"}],"wp:term":[{"taxonomy":"category","embeddable":true,"href":"https:\/\/www.sincomam.org.br\/index.php\/wp-json\/wp\/v2\/categories?post=62176"},{"taxonomy":"post_tag","embeddable":true,"href":"https:\/\/www.sincomam.org.br\/index.php\/wp-json\/wp\/v2\/tags?post=62176"}],"curies":[{"name":"wp","href":"https:\/\/api.w.org\/{rel}","templated":true}]}}