{"id":62170,"date":"2025-11-07T08:09:46","date_gmt":"2025-11-07T11:09:46","guid":{"rendered":"https:\/\/www.sincomam.org.br\/?p=62170"},"modified":"2025-11-07T08:11:32","modified_gmt":"2025-11-07T11:11:32","slug":"exportacoes-brasileiras-batem-recorde-em-outubro-apesar-de-tarifaco","status":"publish","type":"post","link":"https:\/\/www.sincomam.org.br\/index.php\/exportacoes-brasileiras-batem-recorde-em-outubro-apesar-de-tarifaco\/","title":{"rendered":"Exporta\u00e7\u00f5es brasileiras batem recorde em outubro, apesar de tarifa\u00e7o"},"content":{"rendered":"<p>A diversifica\u00e7\u00e3o das exporta\u00e7\u00f5es para a \u00c1sia e a Europa compensou os\u00a0efeitos do tarifa\u00e7o\u00a0dos Estados Unidos, tr\u00eas meses ap\u00f3s a retalia\u00e7\u00e3o comercial do governo de Donald Trump. As vendas do Brasil para o exterior cresceram 9,1% em outubro na compara\u00e7\u00e3o com o mesmo m\u00eas do ano passado, batendo recorde para o m\u00eas desde o in\u00edcio da s\u00e9rie hist\u00f3rica, em 1989.<img decoding=\"async\" src=\"https:\/\/agenciabrasil.ebc.com.br\/ebc.png?id=1666477&amp;o=node\" \/><img decoding=\"async\" src=\"https:\/\/agenciabrasil.ebc.com.br\/ebc.gif?id=1666477&amp;o=node\" \/><\/p>\n<p>O crescimento ocorreu mesmo com a forte queda de 37,9% nas vendas para os Estados Unidos. Os dados foram divulgados nesta quinta-feira (6) pelo Minist\u00e9rio do Desenvolvimento, Ind\u00fastria, Com\u00e9rcio e Servi\u00e7os (Mdic).<\/p>\n<p>Segundo o levantamento, as exporta\u00e7\u00f5es somaram US$ 31,97 bilh\u00f5es no m\u00eas passado, enquanto as importa\u00e7\u00f5es atingiram US$ 25,01 bilh\u00f5es, resultando em super\u00e1vit comercial de US$ 6,96 bilh\u00f5es.<\/p>\n<p>A retra\u00e7\u00e3o nas exporta\u00e7\u00f5es para os Estados Unidos, impactadas pelo tarifa\u00e7o implementado pelo governo norte-americano, levou a uma queda de 24,1% nas vendas para a Am\u00e9rica do Norte. Essa foi a \u00fanica regi\u00e3o com redu\u00e7\u00e3o nas exporta\u00e7\u00f5es em outubro.<\/p>\n<p>O principal fator do encolhimento das vendas para a Am\u00e9rica do Norte foi a queda de 82,6% nos embarques de petr\u00f3leo, equivalente a perda de US$ 500 milh\u00f5es. Tamb\u00e9m recuaram as vendas de celulose (43,9%), \u00f3leos combust\u00edveis (37,7%) e aeronaves e partes (19,8%).<\/p>\n<p><strong>\u201cMesmo produtos que n\u00e3o foram tarifados, como \u00f3leo combust\u00edvel e celulose, sofreram queda\u201d, informou o diretor de Estat\u00edsticas e Estudos de Com\u00e9rcio Exterior do Mdic, Herlon Brand\u00e3o.<\/strong><\/p>\n<h2>Outros mercados<\/h2>\n<p>O recuo nas exporta\u00e7\u00f5es para os Estados Unidos foi compensado pelo aumento das vendas para outras regi\u00f5es, especialmente a \u00c1sia, que teve alta de 21,2%, impulsionada pela China (33,4%), \u00cdndia (55,5%), Cingapura (29,2%) e Filipinas (22,4%).<\/p>\n<p>Entre os produtos, destacaram-se os aumentos nas exporta\u00e7\u00f5es de soja (64,5%), \u00f3leos brutos de petr\u00f3leo (43%), min\u00e9rio de ferro (31,7%) e carne bovina (44,7%).<\/p>\n<p>Na Europa, as vendas cresceram 7,6%, com forte avan\u00e7o de min\u00e9rios de cobre (823,6%), carne bovina (73,4%) e celulose (46,8%). J\u00e1 a Am\u00e9rica do Sul apresentou alta de 12,6%, puxada pelos embarques de \u00f3leos brutos de petr\u00f3leo (141,1%).<\/p>\n<p>Segundo Brand\u00e3o, as exporta\u00e7\u00f5es brasileiras para os Estados Unidos t\u00eam registrado redu\u00e7\u00e3o constante nos \u00faltimos 3 meses. A queda foi de 16,5% em agosto, 20,3% em setembro e 37,9% em outubro.<\/p>\n<p><strong>\u201cTemos observado taxas de varia\u00e7\u00e3o negativa cada vez maiores, na compara\u00e7\u00e3o com o mesmo m\u00eas do ano anterior\u201d, explicou Brand\u00e3o.<\/strong><\/p>\n<p>O diretor do Mdic destacou ainda que o movimento reflete n\u00e3o apenas os efeitos diretos das tarifas, mas tamb\u00e9m uma poss\u00edvel redu\u00e7\u00e3o da demanda norte-americana.<\/p>\n<p>\u201cA principal queda em termos absolutos foi no petr\u00f3leo bruto, que n\u00e3o foi tarifado. Isso indica que h\u00e1 efeitos diversos influenciando a retra\u00e7\u00e3o das exporta\u00e7\u00f5es aos EUA\u201d, completou.<\/p>\n<p>Fonte: Ag\u00eancia Brasil<\/p>\n","protected":false},"excerpt":{"rendered":"<p>A diversifica\u00e7\u00e3o das exporta\u00e7\u00f5es para a \u00c1sia e a Europa compensou os\u00a0efeitos do tarifa\u00e7o\u00a0dos Estados Unidos, tr\u00eas meses ap\u00f3s a retalia\u00e7\u00e3o comercial do governo de&#8230;<\/p>\n","protected":false},"author":1527,"featured_media":62171,"comment_status":"closed","ping_status":"closed","sticky":false,"template":"","format":"standard","meta":{"footnotes":""},"categories":[6],"tags":[],"class_list":["post-62170","post","type-post","status-publish","format-standard","has-post-thumbnail","hentry","category-noticias"],"_links":{"self":[{"href":"https:\/\/www.sincomam.org.br\/index.php\/wp-json\/wp\/v2\/posts\/62170","targetHints":{"allow":["GET"]}}],"collection":[{"href":"https:\/\/www.sincomam.org.br\/index.php\/wp-json\/wp\/v2\/posts"}],"about":[{"href":"https:\/\/www.sincomam.org.br\/index.php\/wp-json\/wp\/v2\/types\/post"}],"author":[{"embeddable":true,"href":"https:\/\/www.sincomam.org.br\/index.php\/wp-json\/wp\/v2\/users\/1527"}],"replies":[{"embeddable":true,"href":"https:\/\/www.sincomam.org.br\/index.php\/wp-json\/wp\/v2\/comments?post=62170"}],"version-history":[{"count":1,"href":"https:\/\/www.sincomam.org.br\/index.php\/wp-json\/wp\/v2\/posts\/62170\/revisions"}],"predecessor-version":[{"id":62172,"href":"https:\/\/www.sincomam.org.br\/index.php\/wp-json\/wp\/v2\/posts\/62170\/revisions\/62172"}],"wp:featuredmedia":[{"embeddable":true,"href":"https:\/\/www.sincomam.org.br\/index.php\/wp-json\/wp\/v2\/media\/62171"}],"wp:attachment":[{"href":"https:\/\/www.sincomam.org.br\/index.php\/wp-json\/wp\/v2\/media?parent=62170"}],"wp:term":[{"taxonomy":"category","embeddable":true,"href":"https:\/\/www.sincomam.org.br\/index.php\/wp-json\/wp\/v2\/categories?post=62170"},{"taxonomy":"post_tag","embeddable":true,"href":"https:\/\/www.sincomam.org.br\/index.php\/wp-json\/wp\/v2\/tags?post=62170"}],"curies":[{"name":"wp","href":"https:\/\/api.w.org\/{rel}","templated":true}]}}