{"id":62164,"date":"2025-11-07T08:07:10","date_gmt":"2025-11-07T11:07:10","guid":{"rendered":"https:\/\/www.sincomam.org.br\/?p=62164"},"modified":"2025-11-07T08:07:10","modified_gmt":"2025-11-07T11:07:10","slug":"conheca-o-papel-da-marinha-do-brasil-na-cop-30","status":"publish","type":"post","link":"https:\/\/www.sincomam.org.br\/index.php\/conheca-o-papel-da-marinha-do-brasil-na-cop-30\/","title":{"rendered":"Conhe\u00e7a o papel da Marinha do Brasil na COP 30"},"content":{"rendered":"<p class=\"text-align-justify\">A 30\u00aa Confer\u00eancia das Partes (COP 30) acontecer\u00e1 entre os dias 10 e 21 de novembro, em Bel\u00e9m (PA). A Amaz\u00f4nia brasileira, escolhida como sede do evento internacional, \u00e9 a maior floresta tropical do mundo, com influ\u00eancia direta nas quest\u00f5es clim\u00e1ticas em todo o planeta. Um total de 191 pa\u00edses se credenciou para participar da c\u00fapula. A presen\u00e7a das For\u00e7as Armadas, por meio do Comando Operacional Conjunto \u201cMarajoara\u201d, subordinado ao Minist\u00e9rio da Defesa, refor\u00e7a a seguran\u00e7a das delega\u00e7\u00f5es na capital paraense.<\/p>\n<p class=\"text-align-justify\">Com efetivo de 2.792 militares, a Marinha do Brasil (MB) atua por meio da For\u00e7a Naval Componente (FNC), organizada em quatro Grupos-Tarefa (GT). O GT Comando e Controle, sediado no Navio-Aer\u00f3dromo Multiprop\u00f3sito \u201cAtl\u00e2ntico\u201d, funciona como centro de opera\u00e7\u00f5es da FNC, contando com a estrutura hospitalar embarcada e quatro aeronaves de emprego conjunto. O GT Ribeirinho, composto por cerca de 500 militares e 50 viaturas, \u00e9 respons\u00e1vel pelo apoio na seguran\u00e7a terrestre em \u00e1reas sens\u00edveis, como os portos de Outeiro, Miramar e Bel\u00e9m, al\u00e9m das subesta\u00e7\u00f5es el\u00e9tricas da Eletronorte e da Equatorial.<\/p>\n<p class=\"text-align-justify\">A contribui\u00e7\u00e3o na seguran\u00e7a fluvial est\u00e1 a cargo de outro GT, formado por 12 navios e 27 embarca\u00e7\u00f5es, respons\u00e1vel por patrulhas, inspe\u00e7\u00f5es navais e escoltas nos rios Par\u00e1 e Guam\u00e1. J\u00e1 o GT Apoio Log\u00edstico \u00e9 constitu\u00eddo pelo Hospital Naval de Bel\u00e9m, pela Base Naval de Val-de-C\u00e3es e pelo Centro de Intend\u00eancia da Marinha em Bel\u00e9m, que fornecem suporte sanit\u00e1rio, de manuten\u00e7\u00e3o e de abastecimento.<\/p>\n<p class=\"text-align-justify\">Para o Comandante da FNC, Contra-Almirante Antonio Braz de Souza, \u201ca For\u00e7a Naval Componente da Opera\u00e7\u00e3o \u2018Marajoara\u2019 representa o bra\u00e7o da Marinha do Brasil neste grande esfor\u00e7o conjunto das For\u00e7as Armadas, coordenado pelo Minist\u00e9rio da Defesa. Estamos atuando de forma integrada ao Ex\u00e9rcito, \u00e0 For\u00e7a A\u00e9rea e aos \u00f3rg\u00e3os de seguran\u00e7a p\u00fablica, com foco na prote\u00e7\u00e3o de \u00e1reas estrat\u00e9gicas, na realiza\u00e7\u00e3o de patrulhas navais e no apoio log\u00edstico em toda a regi\u00e3o metropolitana de Bel\u00e9m.\u201d<\/p>\n<p class=\"text-align-justify\">A MB tamb\u00e9m ser\u00e1 respons\u00e1vel por garantir a livre navega\u00e7\u00e3o e o monitoramento das vias fluviais amaz\u00f4nicas durante o evento, contribuindo para a manuten\u00e7\u00e3o de um ambiente seguro e est\u00e1vel para a popula\u00e7\u00e3o e as delega\u00e7\u00f5es internacionais. Empregando militares com experi\u00eancia em grandes eventos internacionais, como o G20 e o BRICS, as a\u00e7\u00f5es da FNC refor\u00e7am a capacidade de pronta resposta da Marinha.<\/p>\n<p class=\"text-align-justify\">A Opera\u00e7\u00e3o \u201cMarajoara\u201d reafirma o compromisso da MB com a defesa da soberania, a interoperabilidade e a presen\u00e7a do Estado na Amaz\u00f4nia. A iniciativa contribui para o \u00eaxito das a\u00e7\u00f5es de seguran\u00e7a e log\u00edstica durante a COP 30, al\u00e9m de fortalecer a atua\u00e7\u00e3o conjunta das For\u00e7as Armadas brasileiras.<\/p>\n<p class=\"text-align-justify\">\u201cMais do que uma opera\u00e7\u00e3o de seguran\u00e7a, a \u2018Marajoara\u2019 \u00e9 a demonstra\u00e7\u00e3o da capacidade da Marinha de projetar poder, integrar esfor\u00e7os e servir ao Brasil onde for necess\u00e1rio. Da selva amaz\u00f4nica \u00e0s \u00e1guas interiores, com profissionalismo, prontid\u00e3o e esp\u00edrito de miss\u00e3o\u201d, concluiu o Almirante Ant\u00f4nio Braz.<\/p>\n<h5 class=\"text-align-justify\">\nApronto Operacional<\/h5>\n<p class=\"text-align-justify\">Em uma demonstra\u00e7\u00e3o de integra\u00e7\u00e3o e prontid\u00e3o, mais de sete mil militares das For\u00e7as Armadas participaram, no dia 29 de outubro, da formatura de apronto operacional do Comando Conjunto \u201cMarajoara\u201d, realizada na Base A\u00e9rea de Bel\u00e9m. O evento marcou o in\u00edcio da opera\u00e7\u00e3o militar conjunta para a COP 30.<\/p>\n<p class=\"text-align-justify\">O Comando Conjunto \u201cMarajoara\u201d foi criado com o objetivo de coordenar a\u00e7\u00f5es de apoio a seguran\u00e7a e log\u00edstica durante a confer\u00eancia. A estrutura \u00e9 composta pela MB, Ex\u00e9rcito Brasileiro (EB) e For\u00e7a A\u00e9rea Brasileira (FAB), reunindo capacidades espec\u00edficas de cada For\u00e7a.<\/p>\n<p class=\"text-align-justify\">Durante a cerim\u00f4nia de apronto, foram apresentados os meios navais, viaturas e equipamentos que ser\u00e3o empregados na COP 30. Al\u00e9m das tropas em Bel\u00e9m, a opera\u00e7\u00e3o mobiliza militares de diferentes regi\u00f5es do Pa\u00eds, que, desde o primeiro semestre deste ano, v\u00eam participando de treinamentos voltados \u00e0 defesa nuclear, biol\u00f3gica, qu\u00edmica e radiol\u00f3gica (NBQR), seguran\u00e7a cibern\u00e9tica, defesa antia\u00e9rea, opera\u00e7\u00f5es especiais e seguran\u00e7a de autoridades.<\/p>\n<p class=\"text-align-justify\">O Comandante do Comando Operacional Conjunto \u201cMarajoara\u201d, General de Ex\u00e9rcito Jos\u00e9 Ricardo Vendramin Nunes, discursou para os militares em formatura durante o evento.<\/p>\n<p class=\"text-align-justify\">Organizado segundo o modelo de For\u00e7as Componentes, o Comando \u201cMarajoara\u201d permite o emprego coordenado de capacidades mar\u00edtimas, terrestres e a\u00e9reas, bem como a atua\u00e7\u00e3o conjunta com \u00f3rg\u00e3os civis e de seguran\u00e7a p\u00fablica. Essa integra\u00e7\u00e3o assegura que as a\u00e7\u00f5es das For\u00e7as Armadas ocorram de forma complementar e eficiente, apoiando as autoridades locais e federais em opera\u00e7\u00f5es de patrulhamento, seguran\u00e7a de infraestruturas estrat\u00e9gicas, defesa cibern\u00e9tica e apoio log\u00edstico.<\/p>\n<p class=\"text-align-justify\">O Comando Conjunto \u201cMarajoara\u201d simboliza o compromisso do Estado brasileiro com a soberania nacional e a interoperabilidade entre as For\u00e7as. Sua presen\u00e7a na Amaz\u00f4nia Oriental refor\u00e7a a capacidade de projetar poder e apoiar a seguran\u00e7a da popula\u00e7\u00e3o.<\/p>\n<p>Fonte: Ag\u00eancia Marinha de Not\u00edcias<\/p>\n","protected":false},"excerpt":{"rendered":"<p>A 30\u00aa Confer\u00eancia das Partes (COP 30) acontecer\u00e1 entre os dias 10 e 21 de novembro, em Bel\u00e9m (PA). A Amaz\u00f4nia brasileira, escolhida como sede&#8230;<\/p>\n","protected":false},"author":1527,"featured_media":62165,"comment_status":"closed","ping_status":"closed","sticky":false,"template":"","format":"standard","meta":{"footnotes":""},"categories":[6],"tags":[],"class_list":["post-62164","post","type-post","status-publish","format-standard","has-post-thumbnail","hentry","category-noticias"],"_links":{"self":[{"href":"https:\/\/www.sincomam.org.br\/index.php\/wp-json\/wp\/v2\/posts\/62164","targetHints":{"allow":["GET"]}}],"collection":[{"href":"https:\/\/www.sincomam.org.br\/index.php\/wp-json\/wp\/v2\/posts"}],"about":[{"href":"https:\/\/www.sincomam.org.br\/index.php\/wp-json\/wp\/v2\/types\/post"}],"author":[{"embeddable":true,"href":"https:\/\/www.sincomam.org.br\/index.php\/wp-json\/wp\/v2\/users\/1527"}],"replies":[{"embeddable":true,"href":"https:\/\/www.sincomam.org.br\/index.php\/wp-json\/wp\/v2\/comments?post=62164"}],"version-history":[{"count":1,"href":"https:\/\/www.sincomam.org.br\/index.php\/wp-json\/wp\/v2\/posts\/62164\/revisions"}],"predecessor-version":[{"id":62166,"href":"https:\/\/www.sincomam.org.br\/index.php\/wp-json\/wp\/v2\/posts\/62164\/revisions\/62166"}],"wp:featuredmedia":[{"embeddable":true,"href":"https:\/\/www.sincomam.org.br\/index.php\/wp-json\/wp\/v2\/media\/62165"}],"wp:attachment":[{"href":"https:\/\/www.sincomam.org.br\/index.php\/wp-json\/wp\/v2\/media?parent=62164"}],"wp:term":[{"taxonomy":"category","embeddable":true,"href":"https:\/\/www.sincomam.org.br\/index.php\/wp-json\/wp\/v2\/categories?post=62164"},{"taxonomy":"post_tag","embeddable":true,"href":"https:\/\/www.sincomam.org.br\/index.php\/wp-json\/wp\/v2\/tags?post=62164"}],"curies":[{"name":"wp","href":"https:\/\/api.w.org\/{rel}","templated":true}]}}