{"id":62156,"date":"2025-11-06T11:42:55","date_gmt":"2025-11-06T14:42:55","guid":{"rendered":"https:\/\/www.sincomam.org.br\/?p=62156"},"modified":"2025-11-06T11:42:55","modified_gmt":"2025-11-06T14:42:55","slug":"por-unanimidade-senado-aprova-isentar-ir-para-quem-ganha-ate-rs-5-mil","status":"publish","type":"post","link":"https:\/\/www.sincomam.org.br\/index.php\/por-unanimidade-senado-aprova-isentar-ir-para-quem-ganha-ate-rs-5-mil\/","title":{"rendered":"Por unanimidade, Senado aprova isentar IR para quem ganha at\u00e9 RS 5 mil"},"content":{"rendered":"<p>O plen\u00e1rio do Senado aprovou, por unanimidade, nesta quarta (5), o\u00a0projeto de lei\u00a01087\/2025\u00a0que isenta do Imposto de Renda (IR) quem ganha at\u00e9 R$ 5 mil mensais e aumenta a taxa\u00e7\u00e3o de altas rendas. Se o\u00a0<strong>texto for sancionado at\u00e9 o final do ano pelo presidente Luiz In\u00e1cio Lula da Silva, a redu\u00e7\u00e3o do IR passa a valer a partir de janeiro de 2026.\u00a0<\/strong><img decoding=\"async\" src=\"https:\/\/agenciabrasil.ebc.com.br\/ebc.png?id=1666279&amp;o=node\" \/><img decoding=\"async\" src=\"https:\/\/agenciabrasil.ebc.com.br\/ebc.gif?id=1666279&amp;o=node\" \/><\/p>\n<p>O governo calcula que cerca de\u00a0<strong>25 milh\u00f5es de brasileiros v\u00e3o pagar menos impostos<\/strong>, enquanto outros 200 mil contribuintes ter\u00e3o algum aumento na tributa\u00e7\u00e3o. &#8220;\u00c9 uma medida que dialoga com a vida real das pessoas&#8221;, disse o presidente do Senado, Davi Alcolumbre.<\/p>\n<p>Para compensar a perda de arrecada\u00e7\u00e3o, o projeto prev\u00ea uma al\u00edquota extra progressiva de at\u00e9 10% para aqueles que recebem mais de R$ 600 mil por ano (R$ 50 mil por m\u00eas).\u00a0O texto tamb\u00e9m estabelece a tributa\u00e7\u00e3o para lucros e dividendos remetidos para o exterior com al\u00edquota de 10%.<\/p>\n<p>O projeto foi encaminhado pelo governo em mar\u00e7o ao Congresso e foi aprovado em outubro pela C\u00e2mara. O relator da proposta foi o senador Renan Calheiros (MDB-AL), que acatou apenas emendas dos senadores Eduardo Gomes (PL-TO) e Rog\u00e9rio Carvalho (PT-SE).<\/p>\n<h2>Hist\u00f3rico<\/h2>\n<p>O relator do projeto no Senado,\u00a0Renan Calheiros, defendeu a proposta e destacou que a decis\u00e3o seria hist\u00f3rica para o pa\u00eds. \u201cO projeto do imposto zero \u00e9 um dos mais importantes e mais aguardados dos \u00faltimos anos\u201d.<\/p>\n<p>Renan apontou que a proposta do Executivo corrige injusti\u00e7as e contribui para o bem-estar social \u201cao promover a justi\u00e7a tribut\u00e1ria, diminuir a carga de tributos que incide sobre a baixa renda e aumentar a carga incidente sobre os super ricos\u201d.<\/p>\n<p>De acordo com o senador, o \u201cimposto zero\u201d vai beneficiar perto de 25 milh\u00f5es de trabalhadores e ser\u00e1 compensado pelo aumento da carga sobre 200 mil super ricos. \u201cOs trabalhadores ter\u00e3o um ganho m\u00e9dio de R$ 3,5 mil por ano\u201d.<\/p>\n<p>Ele destacou que, para quem tem rendimentos entre R$ 5 mil e R$ 7,35 mil, haver\u00e1 uma redu\u00e7\u00e3o proporcional do imposto.<\/p>\n<h2>Entenda o projeto<\/h2>\n<p>Se for sancionado pelo presidente Lula ainda em 2025, a nova legisla\u00e7\u00e3o isentar\u00e1, a partir de janeiro do ano que vem, o imposto de renda sobre rendimentos mensais de at\u00e9 R$ 5 mil para pessoas f\u00edsicas e reduzir\u00e1 parcialmente o imposto pago por quem ganha\u00a0entre R$ 5.000,01 e\u00a0R$ 7.350.<\/p>\n<p>Haver\u00e1 uma al\u00edquota m\u00ednima de IR para quem ganha a partir de R$ 600 mil por ano. O texto prev\u00ea uma progress\u00e3o, chegando a 10% para rendimentos acima de R$ 1,2 milh\u00e3o por ano, incluindo dividendos.<\/p>\n<p>Outro\u00a0ponto \u00e9 que, a partir de janeiro de 2026, a entrega de lucros e dividendos de uma pessoa jur\u00eddica a uma mesma pessoa f\u00edsica residente no Brasil em valor total maior de R$ 50 mil ao m\u00eas ficar\u00e1 sujeita \u00e0 incid\u00eancia do IRPF de 10% sobre o pagamento, vedadas quaisquer dedu\u00e7\u00f5es na base de c\u00e1lculo.<\/p>\n<p>Ficam de fora da regra, segundo o projeto, os pagamentos de lucros e dividendos cuja distribui\u00e7\u00e3o tenha sido aprovada at\u00e9 31 de dezembro de 2025, mesmo que o pagamento ocorra nos anos seguintes.<\/p>\n<p>Fonte: Ag\u00eancia Brasil<\/p>\n","protected":false},"excerpt":{"rendered":"<p>O plen\u00e1rio do Senado aprovou, por unanimidade, nesta quarta (5), o\u00a0projeto de lei\u00a01087\/2025\u00a0que isenta do Imposto de Renda (IR) quem ganha at\u00e9 R$ 5 mil&#8230;<\/p>\n","protected":false},"author":1527,"featured_media":59185,"comment_status":"closed","ping_status":"closed","sticky":false,"template":"","format":"standard","meta":{"footnotes":""},"categories":[6],"tags":[],"class_list":["post-62156","post","type-post","status-publish","format-standard","has-post-thumbnail","hentry","category-noticias"],"_links":{"self":[{"href":"https:\/\/www.sincomam.org.br\/index.php\/wp-json\/wp\/v2\/posts\/62156","targetHints":{"allow":["GET"]}}],"collection":[{"href":"https:\/\/www.sincomam.org.br\/index.php\/wp-json\/wp\/v2\/posts"}],"about":[{"href":"https:\/\/www.sincomam.org.br\/index.php\/wp-json\/wp\/v2\/types\/post"}],"author":[{"embeddable":true,"href":"https:\/\/www.sincomam.org.br\/index.php\/wp-json\/wp\/v2\/users\/1527"}],"replies":[{"embeddable":true,"href":"https:\/\/www.sincomam.org.br\/index.php\/wp-json\/wp\/v2\/comments?post=62156"}],"version-history":[{"count":1,"href":"https:\/\/www.sincomam.org.br\/index.php\/wp-json\/wp\/v2\/posts\/62156\/revisions"}],"predecessor-version":[{"id":62157,"href":"https:\/\/www.sincomam.org.br\/index.php\/wp-json\/wp\/v2\/posts\/62156\/revisions\/62157"}],"wp:featuredmedia":[{"embeddable":true,"href":"https:\/\/www.sincomam.org.br\/index.php\/wp-json\/wp\/v2\/media\/59185"}],"wp:attachment":[{"href":"https:\/\/www.sincomam.org.br\/index.php\/wp-json\/wp\/v2\/media?parent=62156"}],"wp:term":[{"taxonomy":"category","embeddable":true,"href":"https:\/\/www.sincomam.org.br\/index.php\/wp-json\/wp\/v2\/categories?post=62156"},{"taxonomy":"post_tag","embeddable":true,"href":"https:\/\/www.sincomam.org.br\/index.php\/wp-json\/wp\/v2\/tags?post=62156"}],"curies":[{"name":"wp","href":"https:\/\/api.w.org\/{rel}","templated":true}]}}