{"id":62153,"date":"2025-11-06T11:39:42","date_gmt":"2025-11-06T14:39:42","guid":{"rendered":"https:\/\/www.sincomam.org.br\/?p=62153"},"modified":"2025-11-06T11:40:48","modified_gmt":"2025-11-06T14:40:48","slug":"marinha-conclui-7a-edicao-do-curso-da-forca-tarefa-maritima-da-onu-no-coppaznav","status":"publish","type":"post","link":"https:\/\/www.sincomam.org.br\/index.php\/marinha-conclui-7a-edicao-do-curso-da-forca-tarefa-maritima-da-onu-no-coppaznav\/","title":{"rendered":"Marinha conclui 7\u00aa edi\u00e7\u00e3o do curso da For\u00e7a-Tarefa Mar\u00edtima da ONU no COpPazNav"},"content":{"rendered":"<p data-start=\"478\" data-end=\"1005\">Reafirmando o compromisso do Brasil com a\u00a0paz e a coopera\u00e7\u00e3o internacional, o\u00a0Centro de Opera\u00e7\u00f5es de Paz e Humanit\u00e1rias de Car\u00e1ter Naval (COpPazNav)\u00a0encerrou, em\u00a017 de outubro, a\u00a07\u00aa edi\u00e7\u00e3o do curso United Nations Maritime Task Force, promovendo o interc\u00e2mbio de conhecimento entre\u00a0militares brasileiros e estrangeiros.<\/p>\n<p data-start=\"478\" data-end=\"1005\">A forma\u00e7\u00e3o capacita oficiais para atuar em\u00a0opera\u00e7\u00f5es de paz da Organiza\u00e7\u00e3o das Na\u00e7\u00f5es Unidas (ONU), com foco na integra\u00e7\u00e3o e efici\u00eancia de\u00a0For\u00e7as-Tarefa Mar\u00edtimas multinacionais.<\/p>\n<h3 data-start=\"1012\" data-end=\"1049\"><strong data-start=\"1016\" data-end=\"1049\">Estrutura e Conte\u00fado do Curso<\/strong><\/h3>\n<p data-start=\"1051\" data-end=\"1505\">A capacita\u00e7\u00e3o, organizada pelo\u00a0COpPazNav, foi dividida em duas etapas complementares. A\u00a0primeira fase, realizada\u00a0\u00e0 dist\u00e2ncia entre 2 e 8 de outubro, abordou o conte\u00fado do\u00a0Core Pre-deployment Training Materials (CPTM), requisito b\u00e1sico da ONU para todos os militares designados a miss\u00f5es de paz.<\/p>\n<p data-start=\"1051\" data-end=\"1505\">Essa etapa incluiu t\u00f3picos como\u00a0\u00e9tica internacional, direitos humanos, mandatos da ONU, conduta em campo e coordena\u00e7\u00e3o interag\u00eancias.<\/p>\n<p data-start=\"1507\" data-end=\"1925\">A\u00a0segunda fase,\u00a0presencial, ocorreu de\u00a013 a 17 de outubro, e foi dedicada ao\u00a0Specialized Training Materials for Maritime Task Force Units (STM-MTFU).<\/p>\n<p data-start=\"1507\" data-end=\"1925\">Nessa etapa, os participantes receberam instru\u00e7\u00f5es espec\u00edficas sobre\u00a0opera\u00e7\u00f5es mar\u00edtimas da ONU,\u00a0gest\u00e3o de Estado-Maior,\u00a0coordena\u00e7\u00e3o multinacional de tarefas navais,\u00a0comunica\u00e7\u00f5es t\u00e1ticas\u00a0e\u00a0emprego humanit\u00e1rio de meios mar\u00edtimos.<\/p>\n<p data-start=\"1927\" data-end=\"2096\">O curso, ministrado em ingl\u00eas, contou com\u00a013 alunos, sendo\u00a08 da Marinha do\u00a0Brasil\u00a0e\u00a05 de pa\u00edses parceiros, refor\u00e7ando o car\u00e1ter internacional da capacita\u00e7\u00e3o.<\/p>\n<h3 data-start=\"2103\" data-end=\"2165\"><strong data-start=\"2107\" data-end=\"2165\">Coopera\u00e7\u00e3o Internacional e Interc\u00e2mbio de Conhecimento<\/strong><\/h3>\n<p data-start=\"2167\" data-end=\"2561\">A 7\u00aa edi\u00e7\u00e3o do\u00a0United Nations Maritime Task Force Course\u00a0consolidou o\u00a0COpPazNav\u00a0como centro de excel\u00eancia em\u00a0forma\u00e7\u00e3o naval para opera\u00e7\u00f5es de paz, recebendo militares da\u00a0Alemanha, Bangladesh, China, Paquist\u00e3o e Suriname.<\/p>\n<p data-start=\"2167\" data-end=\"2561\">Essa diversidade de participantes refor\u00e7a o papel do Brasil como\u00a0ponte entre na\u00e7\u00f5es\u00a0no campo da\u00a0coopera\u00e7\u00e3o de Defesa e seguran\u00e7a mar\u00edtima global.<\/p>\n<p data-start=\"2563\" data-end=\"3015\">O corpo docente foi composto por instrutores brasileiros e estrangeiros de reconhecida experi\u00eancia.<\/p>\n<p data-start=\"2563\" data-end=\"3015\">Entre eles, o\u00a0Capit\u00e3o de Fragata da Marinha Alem\u00e3 Marco K\u00f6ster, que comandou um navio de guerra na\u00a0For\u00e7a-Tarefa Mar\u00edtima da UNIFIL; o\u00a0Contra-Almirante (RM1) Eduardo Augusto Wieland, que liderou a mesma For\u00e7a-Tarefa em 2019; e\u00a0Anis Chouchane, representante do\u00a0Alto Comissariado das Na\u00e7\u00f5es Unidas para os Direitos Humanos (OHCHR).<\/p>\n<p data-start=\"3017\" data-end=\"3212\">A participa\u00e7\u00e3o desses especialistas proporcionou uma\u00a0vis\u00e3o abrangente e pr\u00e1tica das miss\u00f5es navais sob mandato da ONU, refor\u00e7ando a\u00a0integra\u00e7\u00e3o entre t\u00e1tica, diplomacia e direitos humanos.<\/p>\n<h3 data-start=\"3219\" data-end=\"3264\"><strong data-start=\"3223\" data-end=\"3264\">O Brasil e as Opera\u00e7\u00f5es de Paz da ONU<\/strong><\/h3>\n<p data-start=\"3266\" data-end=\"3722\">A conclus\u00e3o do curso reafirma o\u00a0papel estrat\u00e9gico da\u00a0Marinha do Brasil\u00a0nas\u00a0opera\u00e7\u00f5es de paz das Na\u00e7\u00f5es Unidas, nas quais o Pa\u00eds tem atua\u00e7\u00e3o de destaque desde a\u00a0Miss\u00e3o do L\u00edbano (UNIFIL).<\/p>\n<p data-start=\"3266\" data-end=\"3722\">O\u00a0COpPazNav\u00a0\u00e9 respons\u00e1vel por capacitar militares brasileiros e estrangeiros em\u00a0opera\u00e7\u00f5es humanit\u00e1rias e miss\u00f5es mar\u00edtimas complexas, promovendo o\u00a0profissionalismo, a interoperabilidade e o interc\u00e2mbio de experi\u00eancias\u00a0entre as na\u00e7\u00f5es amigas.<\/p>\n<p data-start=\"3724\" data-end=\"4204\">A iniciativa tamb\u00e9m fortalece a\u00a0diplomacia de defesa brasileira, contribuindo para a\u00a0proje\u00e7\u00e3o internacional do Pa\u00eds\u00a0como ator comprometido com a\u00a0seguran\u00e7a global e o multilateralismo.<\/p>\n<p data-start=\"3724\" data-end=\"4204\">Ao investir na forma\u00e7\u00e3o conjunta de oficiais de diferentes pa\u00edses, o Brasil consolida sua posi\u00e7\u00e3o como\u00a0refer\u00eancia mundial na prepara\u00e7\u00e3o de contingentes navais para miss\u00f5es da ONU, contribuindo para a constru\u00e7\u00e3o de um\u00a0ambiente internacional mais est\u00e1vel, justo e cooperativo.<\/p>\n<p data-start=\"3724\" data-end=\"4204\">Fonte: Defesa em Foco<\/p>\n","protected":false},"excerpt":{"rendered":"<p>Reafirmando o compromisso do Brasil com a\u00a0paz e a coopera\u00e7\u00e3o internacional, o\u00a0Centro de Opera\u00e7\u00f5es de Paz e Humanit\u00e1rias de Car\u00e1ter Naval (COpPazNav)\u00a0encerrou, em\u00a017 de outubro,&#8230;<\/p>\n","protected":false},"author":1527,"featured_media":62154,"comment_status":"closed","ping_status":"closed","sticky":false,"template":"","format":"standard","meta":{"footnotes":""},"categories":[6],"tags":[],"class_list":["post-62153","post","type-post","status-publish","format-standard","has-post-thumbnail","hentry","category-noticias"],"_links":{"self":[{"href":"https:\/\/www.sincomam.org.br\/index.php\/wp-json\/wp\/v2\/posts\/62153","targetHints":{"allow":["GET"]}}],"collection":[{"href":"https:\/\/www.sincomam.org.br\/index.php\/wp-json\/wp\/v2\/posts"}],"about":[{"href":"https:\/\/www.sincomam.org.br\/index.php\/wp-json\/wp\/v2\/types\/post"}],"author":[{"embeddable":true,"href":"https:\/\/www.sincomam.org.br\/index.php\/wp-json\/wp\/v2\/users\/1527"}],"replies":[{"embeddable":true,"href":"https:\/\/www.sincomam.org.br\/index.php\/wp-json\/wp\/v2\/comments?post=62153"}],"version-history":[{"count":1,"href":"https:\/\/www.sincomam.org.br\/index.php\/wp-json\/wp\/v2\/posts\/62153\/revisions"}],"predecessor-version":[{"id":62155,"href":"https:\/\/www.sincomam.org.br\/index.php\/wp-json\/wp\/v2\/posts\/62153\/revisions\/62155"}],"wp:featuredmedia":[{"embeddable":true,"href":"https:\/\/www.sincomam.org.br\/index.php\/wp-json\/wp\/v2\/media\/62154"}],"wp:attachment":[{"href":"https:\/\/www.sincomam.org.br\/index.php\/wp-json\/wp\/v2\/media?parent=62153"}],"wp:term":[{"taxonomy":"category","embeddable":true,"href":"https:\/\/www.sincomam.org.br\/index.php\/wp-json\/wp\/v2\/categories?post=62153"},{"taxonomy":"post_tag","embeddable":true,"href":"https:\/\/www.sincomam.org.br\/index.php\/wp-json\/wp\/v2\/tags?post=62153"}],"curies":[{"name":"wp","href":"https:\/\/api.w.org\/{rel}","templated":true}]}}