{"id":62141,"date":"2025-11-06T11:24:48","date_gmt":"2025-11-06T14:24:48","guid":{"rendered":"https:\/\/www.sincomam.org.br\/?p=62141"},"modified":"2025-11-06T11:24:48","modified_gmt":"2025-11-06T14:24:48","slug":"porto-central-e-m-a-r-s-ampliam-prazo-para-estudo-sobre-estaleiro-de-desmantelamento-e-reciclagem","status":"publish","type":"post","link":"https:\/\/www.sincomam.org.br\/index.php\/porto-central-e-m-a-r-s-ampliam-prazo-para-estudo-sobre-estaleiro-de-desmantelamento-e-reciclagem\/","title":{"rendered":"Porto Central e M.A.R.S. ampliam prazo para estudo sobre estaleiro de desmantelamento e reciclagem"},"content":{"rendered":"<p>A administra\u00e7\u00e3o do Porto Central (ES) e a M.A.R.S. Europe, empresa especializada em descomissionamento e recupera\u00e7\u00e3o de equipamentos e estruturas, firmaram o segundo aditivo ao memorando de entendimentos (MOU), visando o estabelecimento de parceria no Brasil em um estaleiro de desmantelamento e reciclagem de navios de classe mundial.<\/p>\n<p>O documento estende o prazo para a realiza\u00e7\u00e3o de estudo sobre o projeto, incluindo a engenharia, o planejamento ambiental e operacional e as avalia\u00e7\u00f5es para garantir sua viabilidade econ\u00f4mica. A assinatura ocorreu durante a Offshore Technology Conference (OTC) Brasil 2025, realizada na semana passada, no Rio de Janeiro (RJ).<\/p>\n<p>As empresas classificaram a parceria como estrat\u00e9gica para fazer do Brasil refer\u00eancia em gest\u00e3o sustent\u00e1vel de ativos offshore. Com previs\u00e3o de defini\u00e7\u00e3o do projeto para o pr\u00f3ximo ano, a iniciativa, segundo elas, refor\u00e7a o compromisso compartilhado com o desenvolvimento regional, a gera\u00e7\u00e3o de empregos e a responsabilidade ambiental.<\/p>\n<p>Kim Thygesen, CEO da M.A.R.S. Europe, ressaltou que as duas empresas est\u00e3o comprometidas em desenvolver uma instala\u00e7\u00e3o dedicada ao desmantelamento e reciclagem de navios, semelhante ao modelo da Dinamarca. Ele reconheceu que existem press\u00f5es sobre os portos por causa das novas constru\u00e7\u00f5es e destacou que o escopo visa aliviar o congestionamento portu\u00e1rio e criar um polo especializado para a reciclagem de ativos offshore no Brasil. Segundo o executivo, a extens\u00e3o do prazo para os estudos reflete a dedica\u00e7\u00e3o das empresas em impulsionar a ind\u00fastria offshore do Brasil, promovendo pr\u00e1ticas sustent\u00e1veis de descomissionamento e fomentando o crescimento econ\u00f4mico regional.<\/p>\n<p>Fonte: Portos e Navios<\/p>\n","protected":false},"excerpt":{"rendered":"<p>A administra\u00e7\u00e3o do Porto Central (ES) e a M.A.R.S. Europe, empresa especializada em descomissionamento e recupera\u00e7\u00e3o de equipamentos e estruturas, firmaram o segundo aditivo ao&#8230;<\/p>\n","protected":false},"author":1527,"featured_media":62142,"comment_status":"closed","ping_status":"closed","sticky":false,"template":"","format":"standard","meta":{"footnotes":""},"categories":[6],"tags":[],"class_list":["post-62141","post","type-post","status-publish","format-standard","has-post-thumbnail","hentry","category-noticias"],"_links":{"self":[{"href":"https:\/\/www.sincomam.org.br\/index.php\/wp-json\/wp\/v2\/posts\/62141","targetHints":{"allow":["GET"]}}],"collection":[{"href":"https:\/\/www.sincomam.org.br\/index.php\/wp-json\/wp\/v2\/posts"}],"about":[{"href":"https:\/\/www.sincomam.org.br\/index.php\/wp-json\/wp\/v2\/types\/post"}],"author":[{"embeddable":true,"href":"https:\/\/www.sincomam.org.br\/index.php\/wp-json\/wp\/v2\/users\/1527"}],"replies":[{"embeddable":true,"href":"https:\/\/www.sincomam.org.br\/index.php\/wp-json\/wp\/v2\/comments?post=62141"}],"version-history":[{"count":1,"href":"https:\/\/www.sincomam.org.br\/index.php\/wp-json\/wp\/v2\/posts\/62141\/revisions"}],"predecessor-version":[{"id":62143,"href":"https:\/\/www.sincomam.org.br\/index.php\/wp-json\/wp\/v2\/posts\/62141\/revisions\/62143"}],"wp:featuredmedia":[{"embeddable":true,"href":"https:\/\/www.sincomam.org.br\/index.php\/wp-json\/wp\/v2\/media\/62142"}],"wp:attachment":[{"href":"https:\/\/www.sincomam.org.br\/index.php\/wp-json\/wp\/v2\/media?parent=62141"}],"wp:term":[{"taxonomy":"category","embeddable":true,"href":"https:\/\/www.sincomam.org.br\/index.php\/wp-json\/wp\/v2\/categories?post=62141"},{"taxonomy":"post_tag","embeddable":true,"href":"https:\/\/www.sincomam.org.br\/index.php\/wp-json\/wp\/v2\/tags?post=62141"}],"curies":[{"name":"wp","href":"https:\/\/api.w.org\/{rel}","templated":true}]}}