{"id":62129,"date":"2025-11-05T11:44:10","date_gmt":"2025-11-05T14:44:10","guid":{"rendered":"https:\/\/www.sincomam.org.br\/?p=62129"},"modified":"2025-11-05T11:44:10","modified_gmt":"2025-11-05T14:44:10","slug":"extrair-petroleo-na-foz-do-amazonas-vai-requerer-novo-aval-diz-lula","status":"publish","type":"post","link":"https:\/\/www.sincomam.org.br\/index.php\/extrair-petroleo-na-foz-do-amazonas-vai-requerer-novo-aval-diz-lula\/","title":{"rendered":"Extrair petr\u00f3leo na Foz do Amazonas vai requerer novo aval, diz Lula"},"content":{"rendered":"<p>O presidente Luiz In\u00e1cio Lula da Silva lembrou, nesta ter\u00e7a-feira (4), que vai ser necess\u00e1ria uma nova autoriza\u00e7\u00e3o ambiental para que a Petrobras inicie a extra\u00e7\u00e3o de petr\u00f3leo e g\u00e1s na Bacia da Foz do Amazonas. Lula disse que teria sido um \u201cl\u00edder falso e mentiroso\u201d se tivesse esperado a realiza\u00e7\u00e3o da 30\u00aa Confer\u00eancia das Na\u00e7\u00f5es Unidas sobre Mudan\u00e7a do Clima (COP30), em Bel\u00e9m (PA), para, depois, anunciar a licen\u00e7a para a Petrobras.\u00a0<img decoding=\"async\" src=\"https:\/\/agenciabrasil.ebc.com.br\/ebc.png?id=1666082&amp;o=node\" \/><img decoding=\"async\" src=\"https:\/\/agenciabrasil.ebc.com.br\/ebc.gif?id=1666082&amp;o=node\" \/><\/p>\n<p>O chefe de Estado brasileiro\u00a0est\u00e1 na capital paraense para presidir a c\u00fapula de l\u00edderes da COP30, na pr\u00f3xima quinta (6) e sexta-feira (7), e\u00a0concedeu entrevista coletiva a jornalistas da imprensa estrangeira, que est\u00e3o no Par\u00e1 para a confer\u00eancia.<\/p>\n<p>A bacia sedimentar est\u00e1 localizada na Margem Equatorial, que se estende do Rio Grande do Norte at\u00e9 o Amap\u00e1 e \u00e9 apontada como &#8220;o novo pr\u00e9-sal&#8221;, devido ao seu potencial petrol\u00edfero. A proximidade dos ecossistemas costeiros da Amaz\u00f4nia, entretanto, preocupa ambientalistas e comunidades locais.<\/p>\n<p>No m\u00eas passado,\u00a0a Petrobras obteve a licen\u00e7a do Instituto Brasileiro do Meio Ambiente e dos Recursos Naturais Renov\u00e1veis (Ibama) para iniciar opera\u00e7\u00e3o de pesquisa explorat\u00f3ria na regi\u00e3o, que tem dura\u00e7\u00e3o estimada de cinco meses. Nesse per\u00edodo, a empresa busca obter mais informa\u00e7\u00f5es geol\u00f3gicas e avaliar se h\u00e1 petr\u00f3leo e g\u00e1s na \u00e1rea em escala econ\u00f4mica.<\/p>\n<p>&#8220;Se eu fosse um l\u00edder falso e mentiroso, eu esperaria passar a COP para anunciar&#8221;, disse Lula, em entrevista aos correspondentes internacionais.<\/p>\n<p>O presidente refor\u00e7ou que, se for encontrado petr\u00f3leo e g\u00e1s em condi\u00e7\u00f5es economicamente vi\u00e1veis na regi\u00e3o da Bacia da Foz do Amazonas (bloco FZA-M-059), um novo processo de licenciamento ser\u00e1 iniciado. A Petrobras tem outros po\u00e7os na nova fronteira explorat\u00f3ria, mas, at\u00e9 ent\u00e3o, s\u00f3 tinha autoriza\u00e7\u00e3o do Ibama para perfurar os dois da costa do Rio Grande do Norte.<\/p>\n<p>&#8220;Temos autoriza\u00e7\u00e3o para fazer o teste. Se a gente encontrar o petr\u00f3leo que se pensa que tem, vai ter que come\u00e7ar tudo outra vez para dar licen\u00e7a&#8221;, afirmou Lula.<\/p>\n<p>A explora\u00e7\u00e3o \u00e9 criticada por ambientalistas, preocupados com poss\u00edveis impactos ao meio ambiente.\u00a0H\u00e1 tamb\u00e9m a percep\u00e7\u00e3o, por parte deles, de que se trata de uma contradi\u00e7\u00e3o \u00e0 transi\u00e7\u00e3o energ\u00e9tica, que significa a substitui\u00e7\u00e3o dos combust\u00edveis f\u00f3sseis por fontes de energia renov\u00e1veis, que emitam menos gases do efeito estufa, respons\u00e1veis pelo aquecimento global.<\/p>\n<p>Em declara\u00e7\u00f5es recentes, o presidente Lula argumenta que n\u00e3o \u00e9 poss\u00edvel abrir m\u00e3o de combust\u00edvel f\u00f3ssil &#8220;do dia para a noite\u201d e que\u00a0os recursos obtidos com petr\u00f3leo ser\u00e3o usados para financiar a transi\u00e7\u00e3o energ\u00e9tica.<\/p>\n<p>As negocia\u00e7\u00f5es entre os delegados de pa\u00edses signat\u00e1rios do tratado sobre o clima das Na\u00e7\u00f5es Unidas ocorrer\u00e3o ap\u00f3s a c\u00fapula de l\u00edderes, de 10 a 21 de novembro. Na agenda, est\u00e3o temas como financiamento clim\u00e1tico, transi\u00e7\u00e3o energ\u00e9tica, adapta\u00e7\u00e3o e preserva\u00e7\u00e3o da biodiversidade.<\/p>\n<p>Fonte: Ag\u00eancia Brasil<\/p>\n","protected":false},"excerpt":{"rendered":"<p>O presidente Luiz In\u00e1cio Lula da Silva lembrou, nesta ter\u00e7a-feira (4), que vai ser necess\u00e1ria uma nova autoriza\u00e7\u00e3o ambiental para que a Petrobras inicie a&#8230;<\/p>\n","protected":false},"author":1527,"featured_media":62130,"comment_status":"closed","ping_status":"closed","sticky":false,"template":"","format":"standard","meta":{"footnotes":""},"categories":[6],"tags":[],"class_list":["post-62129","post","type-post","status-publish","format-standard","has-post-thumbnail","hentry","category-noticias"],"_links":{"self":[{"href":"https:\/\/www.sincomam.org.br\/index.php\/wp-json\/wp\/v2\/posts\/62129","targetHints":{"allow":["GET"]}}],"collection":[{"href":"https:\/\/www.sincomam.org.br\/index.php\/wp-json\/wp\/v2\/posts"}],"about":[{"href":"https:\/\/www.sincomam.org.br\/index.php\/wp-json\/wp\/v2\/types\/post"}],"author":[{"embeddable":true,"href":"https:\/\/www.sincomam.org.br\/index.php\/wp-json\/wp\/v2\/users\/1527"}],"replies":[{"embeddable":true,"href":"https:\/\/www.sincomam.org.br\/index.php\/wp-json\/wp\/v2\/comments?post=62129"}],"version-history":[{"count":1,"href":"https:\/\/www.sincomam.org.br\/index.php\/wp-json\/wp\/v2\/posts\/62129\/revisions"}],"predecessor-version":[{"id":62131,"href":"https:\/\/www.sincomam.org.br\/index.php\/wp-json\/wp\/v2\/posts\/62129\/revisions\/62131"}],"wp:featuredmedia":[{"embeddable":true,"href":"https:\/\/www.sincomam.org.br\/index.php\/wp-json\/wp\/v2\/media\/62130"}],"wp:attachment":[{"href":"https:\/\/www.sincomam.org.br\/index.php\/wp-json\/wp\/v2\/media?parent=62129"}],"wp:term":[{"taxonomy":"category","embeddable":true,"href":"https:\/\/www.sincomam.org.br\/index.php\/wp-json\/wp\/v2\/categories?post=62129"},{"taxonomy":"post_tag","embeddable":true,"href":"https:\/\/www.sincomam.org.br\/index.php\/wp-json\/wp\/v2\/tags?post=62129"}],"curies":[{"name":"wp","href":"https:\/\/api.w.org\/{rel}","templated":true}]}}