{"id":62123,"date":"2025-11-05T11:39:13","date_gmt":"2025-11-05T14:39:13","guid":{"rendered":"https:\/\/www.sincomam.org.br\/?p=62123"},"modified":"2025-11-05T11:39:13","modified_gmt":"2025-11-05T14:39:13","slug":"parceria-entre-brasil-e-noruega-fomenta-pesquisas-sobre-transporte-maritimo-sustentavel-e-energia","status":"publish","type":"post","link":"https:\/\/www.sincomam.org.br\/index.php\/parceria-entre-brasil-e-noruega-fomenta-pesquisas-sobre-transporte-maritimo-sustentavel-e-energia\/","title":{"rendered":"Parceria entre Brasil e Noruega fomenta pesquisas sobre transporte mar\u00edtimo sustent\u00e1vel e energia"},"content":{"rendered":"<p>O Conselho de Pesquisa da Noruega (RCN, na sigla original) e a Financiadora de Estudos e Projetos (Finep), do Minist\u00e9rio da Ci\u00eancia, Tecnologia e Inova\u00e7\u00e3o (MCTI) do Brasil, divulgaram, nesta quarta-feira (4), durante evento pr\u00e9-COP30 no Rio de Janeiro (RJ), parceria para financiamento e apoio a projetos de pesquisa em coopera\u00e7\u00e3o entre empresas brasileiras e norueguesas em inova\u00e7\u00e3o tecnol\u00f3gica em energia e transporte mar\u00edtimo sustent\u00e1vel. Para o desenvolvimento das pesquisas, ser\u00e3o usadas linhas de fomento em ambos os pa\u00edses.<\/p>\n<p>Ser\u00e1 a quinta colabora\u00e7\u00e3o entre Brasil e Noruega com base no acordo de coopera\u00e7\u00e3o entre o MCTI brasileiro e os minist\u00e9rios da Educa\u00e7\u00e3o e Pesquisa e de Energia noruegueses. A parceria foi anunciada por Lars-Erik Walle, assessor s\u00eanior da Sintef, e Maur\u00edcio Alves Syrio, superintendente da diretoria de investimentos da Finep.<\/p>\n<p>Os dois participam da 12\u00aa edi\u00e7\u00e3o da November Conference, dedicada \u00e0 transi\u00e7\u00e3o energ\u00e9tica e \u00e0 inova\u00e7\u00e3o sustent\u00e1vel. O encontro \u00e9 organizado pela Innovation Norway, pelo Consulado-Geral da Noruega no Brasil, pela Universidade de Oslo e por institui\u00e7\u00f5es de pesquisas brasileiras e noruegueses e antecipa discuss\u00f5es que orientar\u00e3o a agenda da economia de baixo carbono na Confer\u00eancia das Na\u00e7\u00f5es Unidas sobre as Mudan\u00e7as Clim\u00e1ticas de 2025 (COP 30), que ser\u00e1 realizada de 10 a 21 deste m\u00eas em Bel\u00e9m, no Par\u00e1.<\/p>\n<p>Fonte: Portos e Navios<\/p>\n","protected":false},"excerpt":{"rendered":"<p>O Conselho de Pesquisa da Noruega (RCN, na sigla original) e a Financiadora de Estudos e Projetos (Finep), do Minist\u00e9rio da Ci\u00eancia, Tecnologia e Inova\u00e7\u00e3o&#8230;<\/p>\n","protected":false},"author":1527,"featured_media":62124,"comment_status":"closed","ping_status":"closed","sticky":false,"template":"","format":"standard","meta":{"footnotes":""},"categories":[6],"tags":[],"class_list":["post-62123","post","type-post","status-publish","format-standard","has-post-thumbnail","hentry","category-noticias"],"_links":{"self":[{"href":"https:\/\/www.sincomam.org.br\/index.php\/wp-json\/wp\/v2\/posts\/62123","targetHints":{"allow":["GET"]}}],"collection":[{"href":"https:\/\/www.sincomam.org.br\/index.php\/wp-json\/wp\/v2\/posts"}],"about":[{"href":"https:\/\/www.sincomam.org.br\/index.php\/wp-json\/wp\/v2\/types\/post"}],"author":[{"embeddable":true,"href":"https:\/\/www.sincomam.org.br\/index.php\/wp-json\/wp\/v2\/users\/1527"}],"replies":[{"embeddable":true,"href":"https:\/\/www.sincomam.org.br\/index.php\/wp-json\/wp\/v2\/comments?post=62123"}],"version-history":[{"count":1,"href":"https:\/\/www.sincomam.org.br\/index.php\/wp-json\/wp\/v2\/posts\/62123\/revisions"}],"predecessor-version":[{"id":62125,"href":"https:\/\/www.sincomam.org.br\/index.php\/wp-json\/wp\/v2\/posts\/62123\/revisions\/62125"}],"wp:featuredmedia":[{"embeddable":true,"href":"https:\/\/www.sincomam.org.br\/index.php\/wp-json\/wp\/v2\/media\/62124"}],"wp:attachment":[{"href":"https:\/\/www.sincomam.org.br\/index.php\/wp-json\/wp\/v2\/media?parent=62123"}],"wp:term":[{"taxonomy":"category","embeddable":true,"href":"https:\/\/www.sincomam.org.br\/index.php\/wp-json\/wp\/v2\/categories?post=62123"},{"taxonomy":"post_tag","embeddable":true,"href":"https:\/\/www.sincomam.org.br\/index.php\/wp-json\/wp\/v2\/tags?post=62123"}],"curies":[{"name":"wp","href":"https:\/\/api.w.org\/{rel}","templated":true}]}}