{"id":62110,"date":"2025-11-04T11:04:31","date_gmt":"2025-11-04T14:04:31","guid":{"rendered":"https:\/\/www.sincomam.org.br\/?p=62110"},"modified":"2025-11-04T11:04:31","modified_gmt":"2025-11-04T14:04:31","slug":"petrobras-aprova-plano-de-demissao-voluntaria-para-ate-11-mil-pessoas","status":"publish","type":"post","link":"https:\/\/www.sincomam.org.br\/index.php\/petrobras-aprova-plano-de-demissao-voluntaria-para-ate-11-mil-pessoas\/","title":{"rendered":"Petrobras aprova plano de demiss\u00e3o volunt\u00e1ria para at\u00e9 1,1 mil pessoas"},"content":{"rendered":"<p>A Petrobras aprovou um plano de demiss\u00e3o volunt\u00e1ria\u00a0que pode contemplar\u00a0at\u00e9 1,1 mil funcion\u00e1rios do quadro da companhia. A medida foi avalizada pelo conselho de administra\u00e7\u00e3o da estatal e divulgada nesta segunda-feira (3).\u00a0A empresa prev\u00ea que as demiss\u00f5es devem acontecer ao longo de 2026.<img decoding=\"async\" src=\"https:\/\/agenciabrasil.ebc.com.br\/ebc.png?id=1665917&amp;o=node\" \/><img decoding=\"async\" src=\"https:\/\/agenciabrasil.ebc.com.br\/ebc.gif?id=1665917&amp;o=node\" \/><\/p>\n<p>A companhia explicou que\u00a0o Programa de Desligamento Volunt\u00e1rio (PDV) \u00e9 direcionado a at\u00e9 1,1 mil empregados que tenham se aposentado pelo Instituto Nacional do Seguro Social (INSS) antes da promulga\u00e7\u00e3o da\u00a0Emenda Constitucional 103\/2019, em 12 de novembro de 2019.<\/p>\n<p>Mais conhecida como reforma da previd\u00eancia, a emenda alterou o sistema de previd\u00eancia social e estabeleceu regras de transi\u00e7\u00e3o e disposi\u00e7\u00f5es transit\u00f3rias.<\/p>\n<p>A companhia justifica que o PDV \u00e9 uma ferramenta de gest\u00e3o pessoal que \u201coferece aos aposentados uma oportunidade de transi\u00e7\u00e3o de carreira ao mesmo tempo que contribui para a renova\u00e7\u00e3o cont\u00ednua e gradual dos quadros da companhia\u201d.<\/p>\n<p>No comunicado a investidores no qual anunciou a aprova\u00e7\u00e3o do PDV, a companhia n\u00e3o informa o custo do programa.<\/p>\n<p>\u201cO impacto financeiro ser\u00e1 reconhecido nas demonstra\u00e7\u00f5es cont\u00e1beis \u00e0 medida que as ades\u00f5es forem efetivadas\u201d, explicou a Petrobras, que tem 41,7 mil empregados.<\/p>\n<p>Fonte: Ag\u00eancia Brasil<\/p>\n","protected":false},"excerpt":{"rendered":"<p>A Petrobras aprovou um plano de demiss\u00e3o volunt\u00e1ria\u00a0que pode contemplar\u00a0at\u00e9 1,1 mil funcion\u00e1rios do quadro da companhia. A medida foi avalizada pelo conselho de administra\u00e7\u00e3o&#8230;<\/p>\n","protected":false},"author":1527,"featured_media":62111,"comment_status":"closed","ping_status":"closed","sticky":false,"template":"","format":"standard","meta":{"footnotes":""},"categories":[6],"tags":[],"class_list":["post-62110","post","type-post","status-publish","format-standard","has-post-thumbnail","hentry","category-noticias"],"_links":{"self":[{"href":"https:\/\/www.sincomam.org.br\/index.php\/wp-json\/wp\/v2\/posts\/62110","targetHints":{"allow":["GET"]}}],"collection":[{"href":"https:\/\/www.sincomam.org.br\/index.php\/wp-json\/wp\/v2\/posts"}],"about":[{"href":"https:\/\/www.sincomam.org.br\/index.php\/wp-json\/wp\/v2\/types\/post"}],"author":[{"embeddable":true,"href":"https:\/\/www.sincomam.org.br\/index.php\/wp-json\/wp\/v2\/users\/1527"}],"replies":[{"embeddable":true,"href":"https:\/\/www.sincomam.org.br\/index.php\/wp-json\/wp\/v2\/comments?post=62110"}],"version-history":[{"count":1,"href":"https:\/\/www.sincomam.org.br\/index.php\/wp-json\/wp\/v2\/posts\/62110\/revisions"}],"predecessor-version":[{"id":62112,"href":"https:\/\/www.sincomam.org.br\/index.php\/wp-json\/wp\/v2\/posts\/62110\/revisions\/62112"}],"wp:featuredmedia":[{"embeddable":true,"href":"https:\/\/www.sincomam.org.br\/index.php\/wp-json\/wp\/v2\/media\/62111"}],"wp:attachment":[{"href":"https:\/\/www.sincomam.org.br\/index.php\/wp-json\/wp\/v2\/media?parent=62110"}],"wp:term":[{"taxonomy":"category","embeddable":true,"href":"https:\/\/www.sincomam.org.br\/index.php\/wp-json\/wp\/v2\/categories?post=62110"},{"taxonomy":"post_tag","embeddable":true,"href":"https:\/\/www.sincomam.org.br\/index.php\/wp-json\/wp\/v2\/tags?post=62110"}],"curies":[{"name":"wp","href":"https:\/\/api.w.org\/{rel}","templated":true}]}}