{"id":62107,"date":"2025-11-04T11:03:29","date_gmt":"2025-11-04T14:03:29","guid":{"rendered":"https:\/\/www.sincomam.org.br\/?p=62107"},"modified":"2025-11-04T11:03:29","modified_gmt":"2025-11-04T14:03:29","slug":"embarcacao-uiara-para-reforcar-o-monitoramento-hidrico-na-amazonia","status":"publish","type":"post","link":"https:\/\/www.sincomam.org.br\/index.php\/embarcacao-uiara-para-reforcar-o-monitoramento-hidrico-na-amazonia\/","title":{"rendered":"Embarca\u00e7\u00e3o Uiara para refor\u00e7ar o monitoramento h\u00eddrico na Amaz\u00f4nia"},"content":{"rendered":"<p data-start=\"546\" data-end=\"1001\">Em uma a\u00e7\u00e3o in\u00e9dita de integra\u00e7\u00e3o entre defesa e meio ambiente, a\u00a0Ag\u00eancia Nacional de \u00c1guas e Saneamento B\u00e1sico (ANA)\u00a0e a\u00a0Marinha do Brasil\u00a0lan\u00e7aram, nesta sexta-feira (31), em\u00a0Manaus (AM), a\u00a0embarca\u00e7\u00e3o\u00a0\u00a0<span class=\"google-anno-t\">Uiara<\/span>, primeira unidade fluvial nacional projetada para o\u00a0monitoramento hidrol\u00f3gico da Amaz\u00f4nia. O navio simboliza o avan\u00e7o da\u00a0coopera\u00e7\u00e3o interinstitucional\u00a0em prol da\u00a0seguran\u00e7a h\u00eddrica e da soberania ambiental brasileira.<\/p>\n<h3 data-start=\"1008\" data-end=\"1108\">Tecnologia e capacidade operacional: Uiara, um marco no monitoramento fluvial da Amaz\u00f4nia<\/h3>\n<p data-start=\"1110\" data-end=\"1468\">Constru\u00edda no\u00a0estaleiro B3, em Sim\u00f5es Filho (BA), a\u00a0Uiara\u00a0percorreu cerca de\u00a02.600 milhas n\u00e1uticas\u00a0at\u00e9 chegar a\u00a0Manaus, navegando pela costa brasileira e depois pelo rio Amazonas. A embarca\u00e7\u00e3o \u00e9 o primeiro modelo nacional especialmente projetado para\u00a0monitoramento cient\u00edfico e hidrol\u00f3gico\u00a0em \u00e1reas de dif\u00edcil acesso da bacia amaz\u00f4nica.<\/p>\n<p data-start=\"1470\" data-end=\"1890\">Equipada com\u00a0instrumenta\u00e7\u00e3o hidrol\u00f3gica de ponta, a Uiara possibilita medi\u00e7\u00f5es de\u00a0vaz\u00e3o, qualidade da \u00e1gua e transporte de sedimentos, fornecendo dados fundamentais para a\u00a0Rede Hidrometeorol\u00f3gica Nacional (RHN). Essas informa\u00e7\u00f5es apoiam previs\u00f5es de\u00a0cheias e secas, aprimoram o gerenciamento de recursos h\u00eddricos e contribuem para a\u00a0seguran\u00e7a da navega\u00e7\u00e3o\u00a0e a\u00a0preven\u00e7\u00e3o de desastres ambientais.<\/p>\n<div class=\"code-block code-block-7\">A supervis\u00e3o t\u00e9cnica da constru\u00e7\u00e3o foi realizada pela Marinha do Brasil, garantindo conformidade com os padr\u00f5es navais e operacionais. O projeto adota solu\u00e7\u00f5es sustent\u00e1veis, com \u00eanfase em efici\u00eancia energ\u00e9tica e baixo impacto ambiental, consolidando o uso de tecnologia nacional a servi\u00e7o da ci\u00eancia e da Defesa.<\/div>\n<div>\n<h3 data-start=\"2225\" data-end=\"2315\"><strong data-start=\"2232\" data-end=\"2315\">Coopera\u00e7\u00e3o entre institui\u00e7\u00f5es: ANA, Marinha e SGB unidas pela seguran\u00e7a h\u00eddrica<\/strong><\/h3>\n<p data-start=\"2317\" data-end=\"2661\">A embarca\u00e7\u00e3o Uiara \u00e9 resultado direto de um\u00a0Acordo de Coopera\u00e7\u00e3o T\u00e9cnica\u00a0firmado entre a\u00a0ANA, a\u00a0Marinha do\u00a0Brasil\u00a0e o\u00a0Servi\u00e7o Geol\u00f3gico do Brasil (SGB). A parceria combina\u00a0expertise cient\u00edfica, capacidade log\u00edstica e experi\u00eancia naval, integrando compet\u00eancias civis e militares na gest\u00e3o dos recursos h\u00eddricos da Amaz\u00f4nia.<\/p>\n<p data-start=\"2663\" data-end=\"3005\">O\u00a0Centro de Hidrografia e Navega\u00e7\u00e3o do Noroeste (CHN-9), subordinado ao\u00a0Comando do 9\u00ba Distrito Naval, ser\u00e1 respons\u00e1vel pela\u00a0opera\u00e7\u00e3o, manuten\u00e7\u00e3o e guarda\u00a0da embarca\u00e7\u00e3o. Profissionais da ANA e do SGB atuar\u00e3o a bordo em miss\u00f5es conjuntas, garantindo a coleta cont\u00ednua de dados e o apoio a levantamentos hidrogr\u00e1ficos e ambientais.<\/p>\n<p data-start=\"3007\" data-end=\"3255\">Segundo a\u00a0diretora-presidente da ANA, Veronica S\u00e1nchez, o projeto \u201crepresenta um passo hist\u00f3rico na integra\u00e7\u00e3o entre ci\u00eancia e Defesa, refor\u00e7ando o compromisso do Brasil com a\u00a0gest\u00e3o sustent\u00e1vel das \u00e1guas\u00a0e a\u00a0preserva\u00e7\u00e3o da Amaz\u00f4nia\u201d.<\/p>\n<h3 data-start=\"3262\" data-end=\"3361\"><strong data-start=\"3271\" data-end=\"3361\">Soberania e ci\u00eancia na Amaz\u00f4nia: a Uiara como s\u00edmbolo da presen\u00e7a do Estado brasileiro<\/strong><\/h3>\n<p data-start=\"3363\" data-end=\"3722\">Mais do que uma embarca\u00e7\u00e3o cient\u00edfica, a\u00a0Uiara\u00a0representa a\u00a0presen\u00e7a efetiva do Estado brasileiro\u00a0em uma das regi\u00f5es mais estrat\u00e9gicas do planeta. A Amaz\u00f4nia, com seus mais de\u00a06 milh\u00f5es de km\u00b2 de florestas e rios naveg\u00e1veis, exige infraestrutura e tecnologia para garantir\u00a0monitoramento cont\u00ednuo, soberania territorial e seguran\u00e7a ambiental.<\/p>\n<p data-start=\"3724\" data-end=\"4108\">A iniciativa fortalece a\u00a0diplomacia cient\u00edfica\u00a0do Brasil, ampliando a capacidade nacional de compreender e gerir os recursos h\u00eddricos amaz\u00f4nicos de forma aut\u00f4noma. Ao unir Defesa e Ci\u00eancia, a Uiara materializa o conceito de\u00a0seguran\u00e7a h\u00eddrica como pilar da soberania nacional, refor\u00e7ando o papel do pa\u00eds como\u00a0l\u00edder em pesquisa e monitoramento ambiental na Am\u00e9rica do Sul.<\/p>\n<p data-start=\"4110\" data-end=\"4355\">O projeto ainda prev\u00ea o lan\u00e7amento da\u00a0segunda embarca\u00e7\u00e3o, Jaci, em homenagem \u00e0 deusa lua das tradi\u00e7\u00f5es ind\u00edgenas, que deve entrar em opera\u00e7\u00e3o at\u00e9 2026, ampliando a cobertura da\u00a0Rede Hidrometeorol\u00f3gica Nacional\u00a0em toda a Amaz\u00f4nia Legal.<\/p>\n<p data-start=\"4110\" data-end=\"4355\">Fonte: Defesa em Foco<\/p>\n<\/div>\n","protected":false},"excerpt":{"rendered":"<p>Em uma a\u00e7\u00e3o in\u00e9dita de integra\u00e7\u00e3o entre defesa e meio ambiente, a\u00a0Ag\u00eancia Nacional de \u00c1guas e Saneamento B\u00e1sico (ANA)\u00a0e a\u00a0Marinha do Brasil\u00a0lan\u00e7aram, nesta sexta-feira (31),&#8230;<\/p>\n","protected":false},"author":1527,"featured_media":62108,"comment_status":"closed","ping_status":"closed","sticky":false,"template":"","format":"standard","meta":{"footnotes":""},"categories":[6],"tags":[],"class_list":["post-62107","post","type-post","status-publish","format-standard","has-post-thumbnail","hentry","category-noticias"],"_links":{"self":[{"href":"https:\/\/www.sincomam.org.br\/index.php\/wp-json\/wp\/v2\/posts\/62107","targetHints":{"allow":["GET"]}}],"collection":[{"href":"https:\/\/www.sincomam.org.br\/index.php\/wp-json\/wp\/v2\/posts"}],"about":[{"href":"https:\/\/www.sincomam.org.br\/index.php\/wp-json\/wp\/v2\/types\/post"}],"author":[{"embeddable":true,"href":"https:\/\/www.sincomam.org.br\/index.php\/wp-json\/wp\/v2\/users\/1527"}],"replies":[{"embeddable":true,"href":"https:\/\/www.sincomam.org.br\/index.php\/wp-json\/wp\/v2\/comments?post=62107"}],"version-history":[{"count":1,"href":"https:\/\/www.sincomam.org.br\/index.php\/wp-json\/wp\/v2\/posts\/62107\/revisions"}],"predecessor-version":[{"id":62109,"href":"https:\/\/www.sincomam.org.br\/index.php\/wp-json\/wp\/v2\/posts\/62107\/revisions\/62109"}],"wp:featuredmedia":[{"embeddable":true,"href":"https:\/\/www.sincomam.org.br\/index.php\/wp-json\/wp\/v2\/media\/62108"}],"wp:attachment":[{"href":"https:\/\/www.sincomam.org.br\/index.php\/wp-json\/wp\/v2\/media?parent=62107"}],"wp:term":[{"taxonomy":"category","embeddable":true,"href":"https:\/\/www.sincomam.org.br\/index.php\/wp-json\/wp\/v2\/categories?post=62107"},{"taxonomy":"post_tag","embeddable":true,"href":"https:\/\/www.sincomam.org.br\/index.php\/wp-json\/wp\/v2\/tags?post=62107"}],"curies":[{"name":"wp","href":"https:\/\/api.w.org\/{rel}","templated":true}]}}