{"id":62090,"date":"2025-11-03T09:31:25","date_gmt":"2025-11-03T12:31:25","guid":{"rendered":"https:\/\/www.sincomam.org.br\/?p=62090"},"modified":"2025-11-03T09:31:25","modified_gmt":"2025-11-03T12:31:25","slug":"marinha-qualifica-militares-em-defesa-cibernetica-e-cabeamento-estruturado-em-ladario","status":"publish","type":"post","link":"https:\/\/www.sincomam.org.br\/index.php\/marinha-qualifica-militares-em-defesa-cibernetica-e-cabeamento-estruturado-em-ladario\/","title":{"rendered":"Marinha qualifica militares em Defesa Cibern\u00e9tica e Cabeamento Estruturado em Lad\u00e1rio"},"content":{"rendered":"<p data-start=\"453\" data-end=\"1022\">Em um cen\u00e1rio global de crescentes amea\u00e7as digitais, a\u00a0Marinha do Brasil\u00a0refor\u00e7a sua prontid\u00e3o tecnol\u00f3gica. O\u00a0Centro Local de Tecnologia da Informa\u00e7\u00e3o (CLTI)\u00a0do\u00a0Comando do 6\u00ba Distrito Naval (Com6\u00baDN)\u00a0realizou, entre\u00a029 de setembro e 8 de outubro, os est\u00e1gios de\u00a0Cabeamento Estruturado\u00a0e\u00a0Defesa Cibern\u00e9tica e Seguran\u00e7a da Informa\u00e7\u00e3o, capacitando\u00a024 Oficiais e Pra\u00e7as\u00a0do\u00a0Complexo Naval de Lad\u00e1rio. A iniciativa fortalece a\u00a0seguran\u00e7a digital\u00a0e a\u00a0infraestrutura de TI\u00a0nas opera\u00e7\u00f5es navais da regi\u00e3o Centro-Oeste.<\/p>\n<h3 data-start=\"1029\" data-end=\"1080\"><strong data-start=\"1033\" data-end=\"1080\">Infraestrutura e seguran\u00e7a das redes navais<\/strong><\/h3>\n<p data-start=\"1082\" data-end=\"1499\">Durante os est\u00e1gios, os militares receberam instru\u00e7\u00f5es te\u00f3ricas e pr\u00e1ticas sobre\u00a0normas t\u00e9cnicas de cabeamento estruturado,\u00a0elabora\u00e7\u00e3o de projetos de rede\u00a0e\u00a0infraestrutura de comunica\u00e7\u00e3o segura. As aulas ocorreram na\u00a0sala de ensino \u00e0 dist\u00e2ncia do Centro de Intend\u00eancia da Marinha, permitindo a aplica\u00e7\u00e3o de metodologias modernas de aprendizado e integra\u00e7\u00e3o entre os diversos setores t\u00e9cnicos da For\u00e7a.<\/p>\n<p data-start=\"1501\" data-end=\"1930\">Os instrutores abordaram temas como\u00a0responsabilidades legais dos Oficiais de Seguran\u00e7a da Informa\u00e7\u00e3o e Comunica\u00e7\u00e3o (SIC),\u00a0padroniza\u00e7\u00e3o de cabos e conectores,\u00a0gest\u00e3o de data centers\u00a0e\u00a0resili\u00eancia de sistemas cr\u00edticos. O treinamento buscou alinhar as pr\u00e1ticas locais \u00e0s\u00a0pol\u00edticas de SIC da Marinha do\u00a0Brasil, garantindo que as comunica\u00e7\u00f5es navais estejam protegidas contra falhas estruturais e amea\u00e7as externas.<\/p>\n<h3 data-start=\"1937\" data-end=\"1987\"><strong data-start=\"1941\" data-end=\"1987\">Prontid\u00e3o operacional e defesa cibern\u00e9tica<\/strong><\/h3>\n<p data-start=\"1989\" data-end=\"2342\">A capacita\u00e7\u00e3o em\u00a0defesa cibern\u00e9tica\u00a0ampliou a capacidade do Com6\u00baDN de identificar, prevenir e reagir a incidentes digitais. Foram abordados conceitos de\u00a0ciberseguran\u00e7a,\u00a0criptografia,\u00a0controle de acesso\u00a0e\u00a0resposta a ataques cibern\u00e9ticos, temas essenciais para a prote\u00e7\u00e3o das redes navais e das infraestruturas cr\u00edticas de informa\u00e7\u00e3o.<\/p>\n<p data-start=\"2344\" data-end=\"2744\">Com o avan\u00e7o das tecnologias de comunica\u00e7\u00e3o e a crescente digitaliza\u00e7\u00e3o das opera\u00e7\u00f5es militares, a\u00a0seguran\u00e7a da informa\u00e7\u00e3o\u00a0tornou-se elemento-chave da\u00a0estrat\u00e9gia de\u00a0defesa nacional. Nesse contexto, o treinamento oferecido pelo CLTI contribui diretamente para o fortalecimento da\u00a0ciberprontid\u00e3o\u00a0do Comando, garantindo a continuidade e a confiabilidade dos sistemas operacionais da Marinha.<\/p>\n<h3 data-start=\"2751\" data-end=\"2815\">Moderniza\u00e7\u00e3o tecnol\u00f3gica e valoriza\u00e7\u00e3o do capital humano<\/h3>\n<p data-start=\"2817\" data-end=\"3202\">O\u00a0Centro Local de Tecnologia da Informa\u00e7\u00e3o\u00a0tem desempenhado papel decisivo na\u00a0forma\u00e7\u00e3o e atualiza\u00e7\u00e3o de profissionais\u00a0que lidam com sistemas sens\u00edveis e cr\u00edticos da For\u00e7a Naval. Al\u00e9m de modernizar a infraestrutura tecnol\u00f3gica, o CLTI promove a\u00a0capacita\u00e7\u00e3o permanente\u00a0dos militares, refor\u00e7ando a integra\u00e7\u00e3o entre\u00a0conhecimento t\u00e9cnico, doutrina e seguran\u00e7a institucional.<\/p>\n<p data-start=\"3204\" data-end=\"3566\">A iniciativa reflete o comprometimento da\u00a0Marinha do Brasil\u00a0com a\u00a0inova\u00e7\u00e3o digital\u00a0e com o desenvolvimento de solu\u00e7\u00f5es tecnol\u00f3gicas voltadas \u00e0\u00a0defesa cibern\u00e9tica. Ao investir em pessoal qualificado e infraestrutura de ponta, o\u00a0Com6\u00ba Distrito Naval\u00a0se consolida como um polo de excel\u00eancia na \u00e1rea de\u00a0Tecnologia da Informa\u00e7\u00e3o aplicada \u00e0 Defesa.<\/p>\n<p data-start=\"3204\" data-end=\"3566\">Fonte: Defesa em Foco<\/p>\n","protected":false},"excerpt":{"rendered":"<p>Em um cen\u00e1rio global de crescentes amea\u00e7as digitais, a\u00a0Marinha do Brasil\u00a0refor\u00e7a sua prontid\u00e3o tecnol\u00f3gica. O\u00a0Centro Local de Tecnologia da Informa\u00e7\u00e3o (CLTI)\u00a0do\u00a0Comando do 6\u00ba Distrito Naval&#8230;<\/p>\n","protected":false},"author":1527,"featured_media":62091,"comment_status":"closed","ping_status":"closed","sticky":false,"template":"","format":"standard","meta":{"footnotes":""},"categories":[6],"tags":[],"class_list":["post-62090","post","type-post","status-publish","format-standard","has-post-thumbnail","hentry","category-noticias"],"_links":{"self":[{"href":"https:\/\/www.sincomam.org.br\/index.php\/wp-json\/wp\/v2\/posts\/62090","targetHints":{"allow":["GET"]}}],"collection":[{"href":"https:\/\/www.sincomam.org.br\/index.php\/wp-json\/wp\/v2\/posts"}],"about":[{"href":"https:\/\/www.sincomam.org.br\/index.php\/wp-json\/wp\/v2\/types\/post"}],"author":[{"embeddable":true,"href":"https:\/\/www.sincomam.org.br\/index.php\/wp-json\/wp\/v2\/users\/1527"}],"replies":[{"embeddable":true,"href":"https:\/\/www.sincomam.org.br\/index.php\/wp-json\/wp\/v2\/comments?post=62090"}],"version-history":[{"count":1,"href":"https:\/\/www.sincomam.org.br\/index.php\/wp-json\/wp\/v2\/posts\/62090\/revisions"}],"predecessor-version":[{"id":62092,"href":"https:\/\/www.sincomam.org.br\/index.php\/wp-json\/wp\/v2\/posts\/62090\/revisions\/62092"}],"wp:featuredmedia":[{"embeddable":true,"href":"https:\/\/www.sincomam.org.br\/index.php\/wp-json\/wp\/v2\/media\/62091"}],"wp:attachment":[{"href":"https:\/\/www.sincomam.org.br\/index.php\/wp-json\/wp\/v2\/media?parent=62090"}],"wp:term":[{"taxonomy":"category","embeddable":true,"href":"https:\/\/www.sincomam.org.br\/index.php\/wp-json\/wp\/v2\/categories?post=62090"},{"taxonomy":"post_tag","embeddable":true,"href":"https:\/\/www.sincomam.org.br\/index.php\/wp-json\/wp\/v2\/tags?post=62090"}],"curies":[{"name":"wp","href":"https:\/\/api.w.org\/{rel}","templated":true}]}}