{"id":6206,"date":"2014-06-20T08:23:52","date_gmt":"2014-06-20T11:23:52","guid":{"rendered":"http:\/\/www.sincomam.org.br\/?p=6206"},"modified":"2014-06-19T16:39:37","modified_gmt":"2014-06-19T19:39:37","slug":"ministro-dos-portos-confirma-presenca-na-enaex","status":"publish","type":"post","link":"https:\/\/www.sincomam.org.br\/index.php\/ministro-dos-portos-confirma-presenca-na-enaex\/","title":{"rendered":"Ministro dos Portos confirma presen\u00e7a na ENAEX"},"content":{"rendered":"<p>O ministro da Secretaria dos Portos, Antonio Henrique Silveira, \u00e9 um dos nomes confirmados para participar da 33\u00aa edi\u00e7\u00e3o do Encontro Nacional de Com\u00e9rcio Exterior (ENAEX), que ter\u00e1 como tema \u201cPropostas para a redu\u00e7\u00e3o de custos no com\u00e9rcio exterior\u201d. Antonio Silveira far\u00e1 a palestra \u201cPortos: moderniza\u00e7\u00e3o e redu\u00e7\u00e3o de custos\u201d no segundo dia do evento, que acontece dias 7 e 8 de agosto, no Rio.<\/p>\n<p>A Secretaria de Portos da Presid\u00eancia da Rep\u00fablica (SEP\/PR) tem realizado um trabalho para otimizar os acessos terrestres e mar\u00edtimos, com foco na manuten\u00e7\u00e3o, recupera\u00e7\u00e3o e amplia\u00e7\u00e3o da infraestrutura portu\u00e1ria, bem como na amplia\u00e7\u00e3o da efici\u00eancia log\u00edstica dos portos brasileiros, com o objetivo de imprimir ao setor mais competitividade e dinamismo, al\u00e9m de reduzir os custos do transporte aquavi\u00e1rio.<\/p>\n<p>Para participar do painel \u201cBrasil-China &#8211; 40 anos de parceria estrat\u00e9gica\u201d, que acontece no primeiro dia do encontro, j\u00e1 est\u00e3o confirmadas as presen\u00e7as do presidente do Conselho Empresarial Brasil-China e ex-ministro do Desenvolvimento, Ind\u00fastria e Com\u00e9rcio Exterior, embaixador S\u00e9rgio Amaral, e do diretor-executivo da Vale, Jos\u00e9 Carlos Martins, entre outros. O objetivo \u00e9 avaliar as perspectivas dessa rela\u00e7\u00e3o, que tem papel fundamental na balan\u00e7a comercial brasileira.<\/p>\n<p>O ENAEX 2014 ser\u00e1 realizado em novo local, no Centro de Conven\u00e7\u00f5es SulAm\u00e9rica. O evento, o maior do segmento no Brasil, contar\u00e1 tamb\u00e9m com uma exposi\u00e7\u00e3o de servi\u00e7os de com\u00e9rcio exterior, entre os quais um espa\u00e7o de promo\u00e7\u00e3o de neg\u00f3cios para contatos e encontros com especialistas em neg\u00f3cios internacionais. Est\u00e3o previstos ainda workshops e atendimento de empresas por t\u00e9cnicos do MDIC.Durante o ENAEX, acontecer\u00e1 ainda a reuni\u00e3o do Conselho de Com\u00e9rcio Exterior do Mercosul (MERCOEX) e as entregas dos pr\u00eamios \u201cDestaque de Com\u00e9rcio Exterior 2014\u201d e \u201cProex Excel\u00eancia 2014\u201d.<\/p>\n<p><strong>Servi\u00e7o<\/strong><\/p>\n<p><strong>ENAEX 2014<\/strong><\/p>\n<p>Data: 7 e 8 de agosto de 2014<\/p>\n<p>Hor\u00e1rio: 9h a 18h (7\/8) e 9h a 17h (8\/8)<\/p>\n<p>Local: Centro de Conven\u00e7\u00f5es SulAm\u00e9rica, no Rio de Janeiro &#8211; Av. Paulo de Frontin, 1 &#8211; Cidade Nova<\/p>\n<p>Inscri\u00e7\u00f5es: www.enaex.com.br\/enaex2014\/index.asp<\/p>\n<p>Fonte: Portal Naval<\/p>\n","protected":false},"excerpt":{"rendered":"<p>O ministro da Secretaria dos Portos, Antonio Henrique Silveira, \u00e9 um dos nomes confirmados para participar da 33\u00aa edi\u00e7\u00e3o do Encontro Nacional de Com\u00e9rcio Exterior&#8230;<\/p>\n","protected":false},"author":1182,"featured_media":4819,"comment_status":"closed","ping_status":"closed","sticky":false,"template":"","format":"standard","meta":{"footnotes":""},"categories":[6],"tags":[1382,1380,417,69,1381],"class_list":["post-6206","post","type-post","status-publish","format-standard","has-post-thumbnail","hentry","category-noticias","tag-confirmada","tag-enaex","tag-ministro","tag-portos","tag-presenca"],"_links":{"self":[{"href":"https:\/\/www.sincomam.org.br\/index.php\/wp-json\/wp\/v2\/posts\/6206","targetHints":{"allow":["GET"]}}],"collection":[{"href":"https:\/\/www.sincomam.org.br\/index.php\/wp-json\/wp\/v2\/posts"}],"about":[{"href":"https:\/\/www.sincomam.org.br\/index.php\/wp-json\/wp\/v2\/types\/post"}],"author":[{"embeddable":true,"href":"https:\/\/www.sincomam.org.br\/index.php\/wp-json\/wp\/v2\/users\/1182"}],"replies":[{"embeddable":true,"href":"https:\/\/www.sincomam.org.br\/index.php\/wp-json\/wp\/v2\/comments?post=6206"}],"version-history":[{"count":2,"href":"https:\/\/www.sincomam.org.br\/index.php\/wp-json\/wp\/v2\/posts\/6206\/revisions"}],"predecessor-version":[{"id":6208,"href":"https:\/\/www.sincomam.org.br\/index.php\/wp-json\/wp\/v2\/posts\/6206\/revisions\/6208"}],"wp:featuredmedia":[{"embeddable":true,"href":"https:\/\/www.sincomam.org.br\/index.php\/wp-json\/wp\/v2\/media\/4819"}],"wp:attachment":[{"href":"https:\/\/www.sincomam.org.br\/index.php\/wp-json\/wp\/v2\/media?parent=6206"}],"wp:term":[{"taxonomy":"category","embeddable":true,"href":"https:\/\/www.sincomam.org.br\/index.php\/wp-json\/wp\/v2\/categories?post=6206"},{"taxonomy":"post_tag","embeddable":true,"href":"https:\/\/www.sincomam.org.br\/index.php\/wp-json\/wp\/v2\/tags?post=6206"}],"curies":[{"name":"wp","href":"https:\/\/api.w.org\/{rel}","templated":true}]}}