{"id":62054,"date":"2025-10-31T11:41:56","date_gmt":"2025-10-31T14:41:56","guid":{"rendered":"https:\/\/www.sincomam.org.br\/?p=62054"},"modified":"2025-10-31T11:41:56","modified_gmt":"2025-10-31T14:41:56","slug":"navegue-brasil-premia-empresas-de-destaque-no-setor-aquaviario","status":"publish","type":"post","link":"https:\/\/www.sincomam.org.br\/index.php\/navegue-brasil-premia-empresas-de-destaque-no-setor-aquaviario\/","title":{"rendered":"\u2018Navegue + Brasil\u2019 premia empresas de destaque no setor aquavi\u00e1rio"},"content":{"rendered":"<p>O Minist\u00e9rio de Portos e Aeroportos (MPor) divulgou, na \u00faltima quarta-feira (29), os nomes das vencedoras da primeira edi\u00e7\u00e3o do Pr\u00eamio &#8216;Navegue + Brasil&#8217;, que reconhece o trabalho das empresas brasileiras de navega\u00e7\u00e3o (EBNs) que mais se destacaram nos diferentes segmentos do transporte aquavi\u00e1rio.<\/p>\n<p>Com base em crit\u00e9rios t\u00e9cnicos e dados oficiais da Ag\u00eancia Nacional de Transportes Aquavi\u00e1rios (Antaq) e de entidades representativas do setor, foram premiadas nas categorias de apoio portu\u00e1rio, apoio mar\u00edtimo, cabotagem e navega\u00e7\u00e3o interior empresas que apresentaram os melhores desempenhos em transporte de cargas, capacidade operacional e efici\u00eancia.<\/p>\n<p>Na cerim\u00f4nia, o ministro Silvio Costa Filho disse que o objetivo da premia\u00e7\u00e3o \u00e9 valorizar quem est\u00e1 modernizando o setor com responsabilidade socioambiental e incentivar todo o segmento a investir em inova\u00e7\u00e3o, efici\u00eancia e inclus\u00e3o, contribuindo para que o transporte aquavi\u00e1rio seja mais competitivo e sustent\u00e1vel.<\/p>\n<p>Confira as empresas vencedoras:<\/p>\n<p>Maiores quantidades de cargas transportadas na navega\u00e7\u00e3o interior<br \/>\nGranel s\u00f3lido &#8211; Cargill Agr\u00edcola<br \/>\nGranel l\u00edquido e gasoso &#8211; CT Log Transportes<br \/>\nCarga geral &#8211; Navega\u00e7\u00e3o Alian\u00e7a<br \/>\nCarga conteinerizada &#8211; Navega\u00e7\u00e3o Guarita<\/p>\n<p>Maior incremento da capacidade de transporte de carga (em TPB) na navega\u00e7\u00e3o interior<br \/>\nCNN CIA. Norte de Navega\u00e7\u00e3o<\/p>\n<p>Menor idade m\u00e9dia de frota na navega\u00e7\u00e3o interior<br \/>\nCiagram Portos e Navega\u00e7\u00e3o da Amaz\u00f4nia<\/p>\n<p>Maiores quantidades de cargas transportadas na navega\u00e7\u00e3o de cabotagem<br \/>\nGranel s\u00f3lido &#8211; Companhia de Navega\u00e7\u00e3o Norsul<br \/>\nGranel l\u00edquido e gasoso \u2013 Petrobras<br \/>\nCarga geral &#8211; NorsulCargo Navega\u00e7\u00e3o<br \/>\nCarga conteinerizada &#8211; Alian\u00e7a Navega\u00e7\u00e3o e Log\u00edstica<\/p>\n<p>Maior incremento da capacidade de transporte de carga (em TPB), na cabotagem<br \/>\nFlumar Transporte de Qu\u00edmicos e Gases<\/p>\n<p>Menor idade m\u00e9dia da frota brasileira na navega\u00e7\u00e3o de cabotagem<br \/>\nGranel s\u00f3lido &#8211; Empresa de Navega\u00e7\u00e3o Elcano<br \/>\nGranel l\u00edquido e gasoso \u2013 Transpetro<br \/>\nCarga geral &#8211; Tranship Transportes Mar\u00edtimos<br \/>\nCarga conteinerizada &#8211; Alian\u00e7a Navega\u00e7\u00e3o e Log\u00edstica<\/p>\n<p>Maior incremento da frota brasileira na navega\u00e7\u00e3o de apoio mar\u00edtimo em termos de TPB<br \/>\nBram Offshore Navega\u00e7\u00e3o<\/p>\n<p>Menor idade m\u00e9dia da frota brasileira na navega\u00e7\u00e3o de apoio mar\u00edtimo<br \/>\nBaru Offshore Navega\u00e7\u00e3o<\/p>\n<p>Maior incremento de frota brasileira na navega\u00e7\u00e3o de apoio portu\u00e1rio em termos de TTE<br \/>\nCamorim Servi\u00e7os Mar\u00edtimos<\/p>\n<p>Menor idade m\u00e9dia da frota brasileira na navega\u00e7\u00e3o de apoio portu\u00e1rio<br \/>\nChibat\u00e3o Navega\u00e7\u00e3o e Com\u00e9rcio<\/p>\n<p>Igualdade de G\u00eanero (CPIG)<br \/>\nNavega\u00e7\u00e3o Interior &#8211; Rebelo Ind. e Com. e Navega\u00e7\u00e3o<br \/>\nNavega\u00e7\u00e3o de Cabotagem &#8211; Norcoast Log\u00edstica<br \/>\nApoio Mar\u00edtimo &#8211; Hornbeck Offshore Navega\u00e7\u00e3o<br \/>\nApoio Portu\u00e1rio &#8211; Ocidental Transportes e Navega\u00e7\u00e3o<\/p>\n<p>Fonte: Portos e Navios<\/p>\n","protected":false},"excerpt":{"rendered":"<p>O Minist\u00e9rio de Portos e Aeroportos (MPor) divulgou, na \u00faltima quarta-feira (29), os nomes das vencedoras da primeira edi\u00e7\u00e3o do Pr\u00eamio &#8216;Navegue + Brasil&#8217;, que&#8230;<\/p>\n","protected":false},"author":1527,"featured_media":62055,"comment_status":"closed","ping_status":"closed","sticky":false,"template":"","format":"standard","meta":{"footnotes":""},"categories":[6],"tags":[],"class_list":["post-62054","post","type-post","status-publish","format-standard","has-post-thumbnail","hentry","category-noticias"],"_links":{"self":[{"href":"https:\/\/www.sincomam.org.br\/index.php\/wp-json\/wp\/v2\/posts\/62054","targetHints":{"allow":["GET"]}}],"collection":[{"href":"https:\/\/www.sincomam.org.br\/index.php\/wp-json\/wp\/v2\/posts"}],"about":[{"href":"https:\/\/www.sincomam.org.br\/index.php\/wp-json\/wp\/v2\/types\/post"}],"author":[{"embeddable":true,"href":"https:\/\/www.sincomam.org.br\/index.php\/wp-json\/wp\/v2\/users\/1527"}],"replies":[{"embeddable":true,"href":"https:\/\/www.sincomam.org.br\/index.php\/wp-json\/wp\/v2\/comments?post=62054"}],"version-history":[{"count":1,"href":"https:\/\/www.sincomam.org.br\/index.php\/wp-json\/wp\/v2\/posts\/62054\/revisions"}],"predecessor-version":[{"id":62056,"href":"https:\/\/www.sincomam.org.br\/index.php\/wp-json\/wp\/v2\/posts\/62054\/revisions\/62056"}],"wp:featuredmedia":[{"embeddable":true,"href":"https:\/\/www.sincomam.org.br\/index.php\/wp-json\/wp\/v2\/media\/62055"}],"wp:attachment":[{"href":"https:\/\/www.sincomam.org.br\/index.php\/wp-json\/wp\/v2\/media?parent=62054"}],"wp:term":[{"taxonomy":"category","embeddable":true,"href":"https:\/\/www.sincomam.org.br\/index.php\/wp-json\/wp\/v2\/categories?post=62054"},{"taxonomy":"post_tag","embeddable":true,"href":"https:\/\/www.sincomam.org.br\/index.php\/wp-json\/wp\/v2\/tags?post=62054"}],"curies":[{"name":"wp","href":"https:\/\/api.w.org\/{rel}","templated":true}]}}