{"id":62037,"date":"2025-10-30T13:28:25","date_gmt":"2025-10-30T16:28:25","guid":{"rendered":"https:\/\/www.sincomam.org.br\/?p=62037"},"modified":"2025-10-30T13:29:06","modified_gmt":"2025-10-30T16:29:06","slug":"antaq-suspende-cobranca-da-taxa-de-seca-para-transporte-de-conteineres-em-manaus","status":"publish","type":"post","link":"https:\/\/www.sincomam.org.br\/index.php\/antaq-suspende-cobranca-da-taxa-de-seca-para-transporte-de-conteineres-em-manaus\/","title":{"rendered":"Antaq suspende cobran\u00e7a da &#8216;taxa de seca&#8217; para transporte de cont\u00eaineres em Manaus"},"content":{"rendered":"<p>A Ag\u00eancia Nacional de Transportes Aquavi\u00e1rios (Antaq) anunciou, nesta quarta-feira (29), a suspens\u00e3o da cobran\u00e7a da Low Water Surcharge, conhecida como taxa de seca, em opera\u00e7\u00f5es de transporte mar\u00edtimo de cont\u00eaineres com origem ou destino em Manaus, no Amazonas. A decis\u00e3o foi tomada porque a diretoria da entidade considerou que a tarifa n\u00e3o \u00e9 mais necess\u00e1ria, levando em conta que a regi\u00e3o amaz\u00f4nica n\u00e3o apresenta risco de enfrentar estiagem severa, como a registrada no ano passado.<\/p>\n<p>Al\u00e9m disso, a ag\u00eancia determinou tamb\u00e9m que a aplica\u00e7\u00e3o da taxa ficar\u00e1 condicionada \u00e0 ocorr\u00eancia de n\u00edveis iguais ou inferiores a 17,7 metros no Rio Negro at\u00e9 o fim de 2026. De acordo com a Antaq, estudos t\u00e9cnicos encomendados por ela ao Servi\u00e7o Geol\u00f3gico do Brasil projetam n\u00edveis m\u00ednimos historicamente comuns at\u00e9 o fim de 2025.<\/p>\n<p>Com o fim da cobran\u00e7a, a expectativa \u00e9 de queda nos custos da opera\u00e7\u00e3o das cargas e do pre\u00e7o final das mercadorias. Ao justificar a suspens\u00e3o da taxa de seca, a diretoria da Antaq explicou que sua atua\u00e7\u00e3o \u00e9 \u201corientada pela prote\u00e7\u00e3o dos interesses dos usu\u00e1rios, especialmente quanto \u00e0 qualidade e \u00e0 oferta do transporte, bem como ao impacto dos fretes nos pre\u00e7os dos produtos finais\u201d.<\/p>\n<p>Fonte: Portos e Navios<\/p>\n","protected":false},"excerpt":{"rendered":"<p>A Ag\u00eancia Nacional de Transportes Aquavi\u00e1rios (Antaq) anunciou, nesta quarta-feira (29), a suspens\u00e3o da cobran\u00e7a da Low Water Surcharge, conhecida como taxa de seca, em&#8230;<\/p>\n","protected":false},"author":1527,"featured_media":62038,"comment_status":"closed","ping_status":"closed","sticky":false,"template":"","format":"standard","meta":{"footnotes":""},"categories":[6],"tags":[],"class_list":["post-62037","post","type-post","status-publish","format-standard","has-post-thumbnail","hentry","category-noticias"],"_links":{"self":[{"href":"https:\/\/www.sincomam.org.br\/index.php\/wp-json\/wp\/v2\/posts\/62037","targetHints":{"allow":["GET"]}}],"collection":[{"href":"https:\/\/www.sincomam.org.br\/index.php\/wp-json\/wp\/v2\/posts"}],"about":[{"href":"https:\/\/www.sincomam.org.br\/index.php\/wp-json\/wp\/v2\/types\/post"}],"author":[{"embeddable":true,"href":"https:\/\/www.sincomam.org.br\/index.php\/wp-json\/wp\/v2\/users\/1527"}],"replies":[{"embeddable":true,"href":"https:\/\/www.sincomam.org.br\/index.php\/wp-json\/wp\/v2\/comments?post=62037"}],"version-history":[{"count":1,"href":"https:\/\/www.sincomam.org.br\/index.php\/wp-json\/wp\/v2\/posts\/62037\/revisions"}],"predecessor-version":[{"id":62039,"href":"https:\/\/www.sincomam.org.br\/index.php\/wp-json\/wp\/v2\/posts\/62037\/revisions\/62039"}],"wp:featuredmedia":[{"embeddable":true,"href":"https:\/\/www.sincomam.org.br\/index.php\/wp-json\/wp\/v2\/media\/62038"}],"wp:attachment":[{"href":"https:\/\/www.sincomam.org.br\/index.php\/wp-json\/wp\/v2\/media?parent=62037"}],"wp:term":[{"taxonomy":"category","embeddable":true,"href":"https:\/\/www.sincomam.org.br\/index.php\/wp-json\/wp\/v2\/categories?post=62037"},{"taxonomy":"post_tag","embeddable":true,"href":"https:\/\/www.sincomam.org.br\/index.php\/wp-json\/wp\/v2\/tags?post=62037"}],"curies":[{"name":"wp","href":"https:\/\/api.w.org\/{rel}","templated":true}]}}