{"id":6203,"date":"2014-06-20T08:16:50","date_gmt":"2014-06-20T11:16:50","guid":{"rendered":"http:\/\/www.sincomam.org.br\/?p=6203"},"modified":"2014-06-19T16:36:44","modified_gmt":"2014-06-19T19:36:44","slug":"pronatec-2-0-tera-oferta-de-12-milhoes-de-vagas-a-partir-de-2015","status":"publish","type":"post","link":"https:\/\/www.sincomam.org.br\/index.php\/pronatec-2-0-tera-oferta-de-12-milhoes-de-vagas-a-partir-de-2015\/","title":{"rendered":"Pronatec 2.0 ter\u00e1 oferta de 12 milh\u00f5es de vagas a partir de 2015"},"content":{"rendered":"<p>A presidente Dilma Rousseff anunciou ontem (18) a segunda etapa do Programa Nacional de Acesso ao Ensino T\u00e9cnico e Emprego (Pronatec), que vai ofertar 12 milh\u00f5es de vagas em 220 cursos t\u00e9cnicos de n\u00edvel m\u00e9dio e em 646 cursos de qualifica\u00e7\u00e3o, a partir de 2015. A meta da primeira etapa do programa, criado em 2011, \u00e9 oferecer 8 milh\u00f5es de matr\u00edculas at\u00e9 2014.<\/p>\n<p>\u201cFalamos em 12 milh\u00f5es com a certeza de que esse n\u00famero \u00e9 vi\u00e1vel porque ao longo deste per\u00edodo constru\u00edmos nossa curva de aprendizado. Hoje sabemos como se faz e podemos melhorar muito o Pronatec\u201d, disse a presidente ao discursar na cerim\u00f4nia de lan\u00e7amento da segunda etapa do programa, chamada de Pronatec 2.0. Ela ainda destacou que a meta da primeira fase est\u00e1 pr\u00f3xima de ser alcan\u00e7ada, j\u00e1 que o Pronatec contabiliza atualmente 7,4 milh\u00f5es de matr\u00edculas.<\/p>\n<p>Dilma ressaltou a import\u00e2ncia da educa\u00e7\u00e3o para a redu\u00e7\u00e3o da pobreza e para a economia brasileira. \u201cCada vez mais, a educa\u00e7\u00e3o ter\u00e1 um duplo papel que \u00e9 garantir a perenidade da redu\u00e7\u00e3o da pobreza e desconcentra\u00e7\u00e3o da renda que tivemos nos \u00faltimos 12 anos. O segundo papel \u00e9 relativo \u00e0 entrada do Brasil na sociedade do conhecimento. No curto prazo, isso passa pelo aumento da produtividade da nossa economia\u201d.<\/p>\n<p>Segundo o ministro da Educa\u00e7\u00e3o, Henrique Paim, o Pronatec 2.0, ir\u00e1 ampliar a oferta de cursos voltados \u00e0 forma\u00e7\u00e3o empreendedora e \u00e0 gest\u00e3o para pequenos empres\u00e1rios. Paim disse ainda que a segunda etapa dar\u00e1 continuidade \u00e0 expans\u00e3o das matr\u00edculas e ir\u00e1 organizar nacionalmente a trajet\u00f3ria de forma\u00e7\u00e3o profissional. \u201cSabemos que a educa\u00e7\u00e3o profissional no Brasil sempre foi relegada a segundo plano, fizemos um esfor\u00e7o expressivo e avan\u00e7amos muito\u201d, acrescentou o ministro.<\/p>\n<p>O Pronatec foi criado em 2011 pelo governo federal com o objetivo de ampliar a oferta de cursos de educa\u00e7\u00e3o profissional e tecnol\u00f3gica. O governo federal investe na fase atual R$ 14 bilh\u00f5es at\u00e9 o final de 2014.<\/p>\n<p>Fonte: Ag\u00eancia Brasil<\/p>\n","protected":false},"excerpt":{"rendered":"<p>A presidente Dilma Rousseff anunciou ontem (18) a segunda etapa do Programa Nacional de Acesso ao Ensino T\u00e9cnico e Emprego (Pronatec), que vai ofertar 12&#8230;<\/p>\n","protected":false},"author":1182,"featured_media":6204,"comment_status":"closed","ping_status":"closed","sticky":false,"template":"","format":"standard","meta":{"footnotes":""},"categories":[6],"tags":[96,1378,1379,538],"class_list":["post-6203","post","type-post","status-publish","format-standard","has-post-thumbnail","hentry","category-noticias","tag-cursos","tag-pronatec","tag-tecnicos","tag-vagas"],"_links":{"self":[{"href":"https:\/\/www.sincomam.org.br\/index.php\/wp-json\/wp\/v2\/posts\/6203","targetHints":{"allow":["GET"]}}],"collection":[{"href":"https:\/\/www.sincomam.org.br\/index.php\/wp-json\/wp\/v2\/posts"}],"about":[{"href":"https:\/\/www.sincomam.org.br\/index.php\/wp-json\/wp\/v2\/types\/post"}],"author":[{"embeddable":true,"href":"https:\/\/www.sincomam.org.br\/index.php\/wp-json\/wp\/v2\/users\/1182"}],"replies":[{"embeddable":true,"href":"https:\/\/www.sincomam.org.br\/index.php\/wp-json\/wp\/v2\/comments?post=6203"}],"version-history":[{"count":1,"href":"https:\/\/www.sincomam.org.br\/index.php\/wp-json\/wp\/v2\/posts\/6203\/revisions"}],"predecessor-version":[{"id":6205,"href":"https:\/\/www.sincomam.org.br\/index.php\/wp-json\/wp\/v2\/posts\/6203\/revisions\/6205"}],"wp:featuredmedia":[{"embeddable":true,"href":"https:\/\/www.sincomam.org.br\/index.php\/wp-json\/wp\/v2\/media\/6204"}],"wp:attachment":[{"href":"https:\/\/www.sincomam.org.br\/index.php\/wp-json\/wp\/v2\/media?parent=6203"}],"wp:term":[{"taxonomy":"category","embeddable":true,"href":"https:\/\/www.sincomam.org.br\/index.php\/wp-json\/wp\/v2\/categories?post=6203"},{"taxonomy":"post_tag","embeddable":true,"href":"https:\/\/www.sincomam.org.br\/index.php\/wp-json\/wp\/v2\/tags?post=6203"}],"curies":[{"name":"wp","href":"https:\/\/api.w.org\/{rel}","templated":true}]}}