{"id":62012,"date":"2025-10-29T12:29:54","date_gmt":"2025-10-29T15:29:54","guid":{"rendered":"https:\/\/www.sincomam.org.br\/?p=62012"},"modified":"2025-10-29T12:29:54","modified_gmt":"2025-10-29T15:29:54","slug":"estudo-identifica-investimentos-de-r-12-bilhao-em-projetos-esg-em-portos-navegacao-e-aeroportos","status":"publish","type":"post","link":"https:\/\/www.sincomam.org.br\/index.php\/estudo-identifica-investimentos-de-r-12-bilhao-em-projetos-esg-em-portos-navegacao-e-aeroportos\/","title":{"rendered":"Estudo identifica investimentos de R$ 1,2 bilh\u00e3o em projetos ESG em portos, navega\u00e7\u00e3o e aeroportos"},"content":{"rendered":"<p>O Minist\u00e9rio de Portos e Aeroportos (MPor) e a Associa\u00e7\u00e3o de Terminais Portu\u00e1rios Privados (ATP) divulgaram, nesta ter\u00e7a-feira (28), a pesquisa \u201cDiagn\u00f3stico de Sustentabilidade: portu\u00e1rio, navega\u00e7\u00e3o e aeroportu\u00e1rio\u201d, feita em conjunto como parte de acordo de coopera\u00e7\u00e3o t\u00e9cnica feito no ano passado. O estudo revela que os investimentos em iniciativas ambientais, sociais e de governan\u00e7a (ESG) das empresas dos setores portu\u00e1rio, de navega\u00e7\u00e3o e aeroportu\u00e1rio atingiram R$ 1,2 bilh\u00e3o nos anos de 2023 e de 2024 e impactaram 11,3 milh\u00f5es de brasileiros.<\/p>\n<p>O levantamento analisou a ades\u00e3o \u00e0s pr\u00e1ticas ESG pelas empresas p\u00fablicas e privadas dos setores log\u00edsticos e de infraestrutura. Segundo a pesquisa, os resultados indicam a ado\u00e7\u00e3o de a\u00e7\u00f5es socioambientais, desde projetos educacionais, de inclus\u00e3o e capacita\u00e7\u00e3o profissional a programas de engajamento comunit\u00e1rio e comunica\u00e7\u00e3o, que geraram 120 mil empregos diretos.<\/p>\n<p>Segundo o MPor, o estudo divulgado nesta ter\u00e7a-feira \u00e9 a segunda etapa de um ciclo de a\u00e7\u00f5es da pasta voltado \u00e0 consolida\u00e7\u00e3o da agenda ESG. A primeira, explicou o minist\u00e9rio, foi a elabora\u00e7\u00e3o da Pol\u00edtica de Sustentabilidade e do Pacto pela Sustentabilidade, para ado\u00e7\u00e3o por empresas privadas dos setores de log\u00edstica de crit\u00e9rios ambientais, sociais e de governan\u00e7a.<\/p>\n<p>Segundo o ministro de portos e aeroportos, Silvio Costa Filho, a pasta est\u00e1 empenhada em promover pr\u00e1ticas sustent\u00e1veis na infraestrutura portu\u00e1ria, hidrovi\u00e1ria e aeroportu\u00e1ria brasileira, com equil\u00edbrio entre desenvolvimento econ\u00f4mico, preserva\u00e7\u00e3o ambiental e inclus\u00e3o social. Durante a COP30 em Bel\u00e9m, no m\u00eas que vem, o MPor vai entregar selos de reconhecimento \u00e0s empresas e entidades que aderiram ao Pacto pela Sustentabilidade. \u201cNossos esfor\u00e7os t\u00eam o objetivo de promover o transporte sustent\u00e1vel, reduzir as emiss\u00f5es de gases de efeito estufa no setor e adotar tecnologias e pr\u00e1ticas inovadoras para fomentar a descarboniza\u00e7\u00e3o\u201d, afirmou Costa Filho.<\/p>\n<p>Fonte: Portos e Navios<\/p>\n","protected":false},"excerpt":{"rendered":"<p>O Minist\u00e9rio de Portos e Aeroportos (MPor) e a Associa\u00e7\u00e3o de Terminais Portu\u00e1rios Privados (ATP) divulgaram, nesta ter\u00e7a-feira (28), a pesquisa \u201cDiagn\u00f3stico de Sustentabilidade: portu\u00e1rio,&#8230;<\/p>\n","protected":false},"author":1527,"featured_media":62013,"comment_status":"closed","ping_status":"closed","sticky":false,"template":"","format":"standard","meta":{"footnotes":""},"categories":[6],"tags":[],"class_list":["post-62012","post","type-post","status-publish","format-standard","has-post-thumbnail","hentry","category-noticias"],"_links":{"self":[{"href":"https:\/\/www.sincomam.org.br\/index.php\/wp-json\/wp\/v2\/posts\/62012","targetHints":{"allow":["GET"]}}],"collection":[{"href":"https:\/\/www.sincomam.org.br\/index.php\/wp-json\/wp\/v2\/posts"}],"about":[{"href":"https:\/\/www.sincomam.org.br\/index.php\/wp-json\/wp\/v2\/types\/post"}],"author":[{"embeddable":true,"href":"https:\/\/www.sincomam.org.br\/index.php\/wp-json\/wp\/v2\/users\/1527"}],"replies":[{"embeddable":true,"href":"https:\/\/www.sincomam.org.br\/index.php\/wp-json\/wp\/v2\/comments?post=62012"}],"version-history":[{"count":1,"href":"https:\/\/www.sincomam.org.br\/index.php\/wp-json\/wp\/v2\/posts\/62012\/revisions"}],"predecessor-version":[{"id":62014,"href":"https:\/\/www.sincomam.org.br\/index.php\/wp-json\/wp\/v2\/posts\/62012\/revisions\/62014"}],"wp:featuredmedia":[{"embeddable":true,"href":"https:\/\/www.sincomam.org.br\/index.php\/wp-json\/wp\/v2\/media\/62013"}],"wp:attachment":[{"href":"https:\/\/www.sincomam.org.br\/index.php\/wp-json\/wp\/v2\/media?parent=62012"}],"wp:term":[{"taxonomy":"category","embeddable":true,"href":"https:\/\/www.sincomam.org.br\/index.php\/wp-json\/wp\/v2\/categories?post=62012"},{"taxonomy":"post_tag","embeddable":true,"href":"https:\/\/www.sincomam.org.br\/index.php\/wp-json\/wp\/v2\/tags?post=62012"}],"curies":[{"name":"wp","href":"https:\/\/api.w.org\/{rel}","templated":true}]}}