{"id":61996,"date":"2025-10-28T13:40:39","date_gmt":"2025-10-28T16:40:39","guid":{"rendered":"https:\/\/www.sincomam.org.br\/?p=61996"},"modified":"2025-10-28T13:41:28","modified_gmt":"2025-10-28T16:41:28","slug":"61996","status":"publish","type":"post","link":"https:\/\/www.sincomam.org.br\/index.php\/61996\/","title":{"rendered":"Navio-Escola \u201cBrasil\u201d celebra 10 anos da parceria entre King\u2019s College London e Marinha do Brasil"},"content":{"rendered":"<p>Uma d\u00e9cada de parceria entre a Marinha do Brasil (MB) e o King\u2019s College de Londres (KCL) foi celebrada por ocasi\u00e3o da estadia do Navio-Escola (NE) \u201cBrasil\u201d em Londres, na Inglaterra, durante a 39\u00aa Viagem de Instru\u00e7\u00e3o de Guardas-Marinha (GM). A bordo, uma das mais conceituadas institui\u00e7\u00f5es de ensino da Europa reafirmou la\u00e7os acad\u00eamicos e institucionais com a MB, em prol do desenvolvimento do conhecimento estrat\u00e9gico e mar\u00edtimo.<\/p>\n<p>No dia 14 de outubro, o grupo de Guardas-Marinha e Oficiais de bordo participou, no KCL, de uma aula da disciplina \u201cSeguran\u00e7a e Rela\u00e7\u00f5es Internacionais na Am\u00e9rica Latina\u201d, do Curso de Gradua\u00e7\u00e3o em Rela\u00e7\u00f5es Internacionais e Estudos da Guerra. No mesmo dia, o professor Mauro Bonavita proferiu uma palestra aos GM com um panorama do que \u00e9 ser um aluno do King\u2019s College de Londres.<\/p>\n<p>No dia 16, foi a vez de um grupo de alunos da mesma disciplina visitar o NE \u201cBrasil\u201d. Na ocasi\u00e3o, o Comandante do Navio, Capit\u00e3o de Mar e Guerra Rodrigo Monteiro L\u00e1zaro, preparou uma atividade em celebra\u00e7\u00e3o aos 10 anos de coopera\u00e7\u00e3o entre a For\u00e7a e a institui\u00e7\u00e3o de ensino. Participaram a Vice-Decana Internacional da Faculdade de Ci\u00eancias Sociais e Pol\u00edticas P\u00fablicas do KCL, doutora Elisa Cavatorta, e o Diretor da Escola de Estudos de Seguran\u00e7a, professor Wyn Bowen.<\/p>\n<p>A abertura do evento contou com a participa\u00e7\u00e3o, por meio remoto, do Subchefe de Opera\u00e7\u00f5es do Estado-Maior Conjunto das For\u00e7as Armadas (EMCFA), Vice-Almirante Jos\u00e9 Cl\u00e1udio Oliveira Macedo, e do Subchefe de Estrat\u00e9gia do Estado-Maior da Armada, Contra-Almirante Dino Avila Busso \u2014 ambos ex-alunos do King\u2019s College.<\/p>\n<p>O Contra-Almirante \u00c1vila enfatizou a import\u00e2ncia da integra\u00e7\u00e3o entre a vida acad\u00eamica e o exerc\u00edcio profissional, ressaltando que o aprimoramento intelectual dos Oficiais se reverte em benef\u00edcios diretos \u00e0 sociedade brasileira.<\/p>\n<p>J\u00e1 o Vice-Almirante Jos\u00e9 Cl\u00e1udio destacou o valor da p\u00f3s-gradua\u00e7\u00e3o acad\u00eamica para os militares, incluindo aqueles que servem em meios operativos, e a relev\u00e2ncia da continuidade da coopera\u00e7\u00e3o, mencionando como os conhecimentos adquiridos durante seu doutorado no King\u2019s College contribu\u00edram para o exerc\u00edcio de cargos na MB e no EMCFA.Na sequ\u00eancia, o Capit\u00e3o de Mar e Guerra Rodrigo L\u00e1zaro apresentou a hist\u00f3ria das Viagens de Instru\u00e7\u00e3o e dos navios que desempenharam a fun\u00e7\u00e3o de Navio-Escola, bem como as caracter\u00edsticas do NE \u201cBrasil\u201d e sua miss\u00e3o. Os docentes tiveram a oportunidade de visitar as instala\u00e7\u00f5es do Navio.<\/p>\n<p class=\"text-align-justify\">O professor doutor do KCL Vin\u00edcius de Carvalho, que participou do trecho Natal (RN) \u2013 Casablanca (Marrocos) da Viagem de Instru\u00e7\u00e3o, ressaltou o enriquecimento m\u00fatuo que a parceria proporciona \u00e0s institui\u00e7\u00f5es, nos campos intelectual e cultural.<\/p>\n<p>Este ano foi o quarto embarque do professor doutor Vin\u00edcius de Carvalho no NE \u201cBrasil\u201d, sendo o mais longo deles. \u201cPara mim, como pesquisador, trata-se de uma experi\u00eancia \u00fanica, em que posso aprender e compreender as din\u00e2micas da vida embarcado, bem como aprender mais sobre o meu objeto de estudo. A conviv\u00eancia a bordo com Oficiais, Pra\u00e7as e Guardas-Marinha foi um grande aprendizado profissional e tamb\u00e9m humano. O objetivo destes embarques foi tamb\u00e9m permitir que os GM comecem a se aprofundar em temas de estrat\u00e9gia e quest\u00f5es contempor\u00e2neas de defesa, por meio de palestra e outras atividades dirigidas por mim\u201d, completou o professor.<\/p>\n<p>Fonte: Ag\u00eancia Marinha de Not\u00edcias<\/p>\n","protected":false},"excerpt":{"rendered":"<p>Uma d\u00e9cada de parceria entre a Marinha do Brasil (MB) e o King\u2019s College de Londres (KCL) foi celebrada por ocasi\u00e3o da estadia do Navio-Escola&#8230;<\/p>\n","protected":false},"author":1527,"featured_media":61997,"comment_status":"closed","ping_status":"closed","sticky":false,"template":"","format":"standard","meta":{"footnotes":""},"categories":[6],"tags":[],"class_list":["post-61996","post","type-post","status-publish","format-standard","has-post-thumbnail","hentry","category-noticias"],"_links":{"self":[{"href":"https:\/\/www.sincomam.org.br\/index.php\/wp-json\/wp\/v2\/posts\/61996","targetHints":{"allow":["GET"]}}],"collection":[{"href":"https:\/\/www.sincomam.org.br\/index.php\/wp-json\/wp\/v2\/posts"}],"about":[{"href":"https:\/\/www.sincomam.org.br\/index.php\/wp-json\/wp\/v2\/types\/post"}],"author":[{"embeddable":true,"href":"https:\/\/www.sincomam.org.br\/index.php\/wp-json\/wp\/v2\/users\/1527"}],"replies":[{"embeddable":true,"href":"https:\/\/www.sincomam.org.br\/index.php\/wp-json\/wp\/v2\/comments?post=61996"}],"version-history":[{"count":2,"href":"https:\/\/www.sincomam.org.br\/index.php\/wp-json\/wp\/v2\/posts\/61996\/revisions"}],"predecessor-version":[{"id":61999,"href":"https:\/\/www.sincomam.org.br\/index.php\/wp-json\/wp\/v2\/posts\/61996\/revisions\/61999"}],"wp:featuredmedia":[{"embeddable":true,"href":"https:\/\/www.sincomam.org.br\/index.php\/wp-json\/wp\/v2\/media\/61997"}],"wp:attachment":[{"href":"https:\/\/www.sincomam.org.br\/index.php\/wp-json\/wp\/v2\/media?parent=61996"}],"wp:term":[{"taxonomy":"category","embeddable":true,"href":"https:\/\/www.sincomam.org.br\/index.php\/wp-json\/wp\/v2\/categories?post=61996"},{"taxonomy":"post_tag","embeddable":true,"href":"https:\/\/www.sincomam.org.br\/index.php\/wp-json\/wp\/v2\/tags?post=61996"}],"curies":[{"name":"wp","href":"https:\/\/api.w.org\/{rel}","templated":true}]}}