{"id":61992,"date":"2025-10-28T13:24:14","date_gmt":"2025-10-28T16:24:14","guid":{"rendered":"https:\/\/www.sincomam.org.br\/?p=61992"},"modified":"2025-10-28T13:54:05","modified_gmt":"2025-10-28T16:54:05","slug":"cni-classifica-encontro-entre-lula-e-trump-como-passo-para-reverter-tarifaco","status":"publish","type":"post","link":"https:\/\/www.sincomam.org.br\/index.php\/cni-classifica-encontro-entre-lula-e-trump-como-passo-para-reverter-tarifaco\/","title":{"rendered":"CNI classifica encontro entre Lula e Trump como passo para reverter tarifa\u00e7o"},"content":{"rendered":"<p>A Confedera\u00e7\u00e3o Nacional da Ind\u00fastria (CNI) divulgou, no \u00faltimo domingo (26), uma nota em que classifica como positivo o encontro no mesmo dia, na Mal\u00e1sia, entre os presidentes do Brasil, Luiz In\u00e1cio Lula da Silva, e dos Estados Unidos, Donald Trump. No informe, a entidade define a reuni\u00e3o entre os governantes como \u201cum avan\u00e7o concreto nas tratativas bilaterais\u201d e que \u201crefor\u00e7a o compromisso de ambos os governos com a constru\u00e7\u00e3o de solu\u00e7\u00f5es equilibradas para o com\u00e9rcio\u201d entre os dois pa\u00edses.<\/p>\n<p>O presidente da CNI, Ricardo Alban, afirmou que \u201co an\u00fancio do in\u00edcio das negocia\u00e7\u00f5es sobre o tarifa\u00e7o, com disposi\u00e7\u00e3o real das duas partes para alcan\u00e7ar um acordo, \u00e9 um passo relevante\u201d. Ele disse que acredita em solu\u00e7\u00e3o que vai devolver previsibilidade e competitividade \u00e0s exporta\u00e7\u00f5es brasileira e informou que o setor industrial \u201ccontinuar\u00e1 \u00e0 disposi\u00e7\u00e3o para contribuir tecnicamente no sentido da retomada da rela\u00e7\u00e3o comercial entre os dois pa\u00edses sem tarifas abusivas\u201d.<\/p>\n<p><strong>Caf\u00e9<\/strong><br \/>\nTamb\u00e9m no domingo, o Conselho dos Exportadores de Caf\u00e9 do Brasil (Cecaf\u00e9) divulgou comunicado sobre a conversa dos dois presidentes, chamado de \u201cimportante di\u00e1logo para o fortalecimento das rela\u00e7\u00f5es comerciais entre os pa\u00edses\u201d. Na nota, a entidade informou que seu presidente, M\u00e1rcio Ferreira, que faz parte da comitiva brasileira que est\u00e1 na Mal\u00e1sia, \u201ctem participado presencialmente de reuni\u00f5es com a equipe do governo federal, levando informa\u00e7\u00f5es e ressaltando pontos importantes para a isen\u00e7\u00e3o das tarifas aos caf\u00e9s brasileiros\u201d.<\/p>\n<p>A entidade explica ainda que tem atuado no Brasil e em Washington \u201cpara contribuir com o fortalecimento da rela\u00e7\u00e3o entre as duas partes e que \u201caguarda por resultados concretos para a isen\u00e7\u00e3o das tarifas atualmente aplicadas ao setor do caf\u00e9\u201d.<\/p>\n<p>Fonte: Portos e Navios<\/p>\n","protected":false},"excerpt":{"rendered":"<p>A Confedera\u00e7\u00e3o Nacional da Ind\u00fastria (CNI) divulgou, no \u00faltimo domingo (26), uma nota em que classifica como positivo o encontro no mesmo dia, na Mal\u00e1sia,&#8230;<\/p>\n","protected":false},"author":1527,"featured_media":61993,"comment_status":"closed","ping_status":"closed","sticky":false,"template":"","format":"standard","meta":{"footnotes":""},"categories":[6],"tags":[],"class_list":["post-61992","post","type-post","status-publish","format-standard","has-post-thumbnail","hentry","category-noticias"],"_links":{"self":[{"href":"https:\/\/www.sincomam.org.br\/index.php\/wp-json\/wp\/v2\/posts\/61992","targetHints":{"allow":["GET"]}}],"collection":[{"href":"https:\/\/www.sincomam.org.br\/index.php\/wp-json\/wp\/v2\/posts"}],"about":[{"href":"https:\/\/www.sincomam.org.br\/index.php\/wp-json\/wp\/v2\/types\/post"}],"author":[{"embeddable":true,"href":"https:\/\/www.sincomam.org.br\/index.php\/wp-json\/wp\/v2\/users\/1527"}],"replies":[{"embeddable":true,"href":"https:\/\/www.sincomam.org.br\/index.php\/wp-json\/wp\/v2\/comments?post=61992"}],"version-history":[{"count":1,"href":"https:\/\/www.sincomam.org.br\/index.php\/wp-json\/wp\/v2\/posts\/61992\/revisions"}],"predecessor-version":[{"id":61994,"href":"https:\/\/www.sincomam.org.br\/index.php\/wp-json\/wp\/v2\/posts\/61992\/revisions\/61994"}],"wp:featuredmedia":[{"embeddable":true,"href":"https:\/\/www.sincomam.org.br\/index.php\/wp-json\/wp\/v2\/media\/61993"}],"wp:attachment":[{"href":"https:\/\/www.sincomam.org.br\/index.php\/wp-json\/wp\/v2\/media?parent=61992"}],"wp:term":[{"taxonomy":"category","embeddable":true,"href":"https:\/\/www.sincomam.org.br\/index.php\/wp-json\/wp\/v2\/categories?post=61992"},{"taxonomy":"post_tag","embeddable":true,"href":"https:\/\/www.sincomam.org.br\/index.php\/wp-json\/wp\/v2\/tags?post=61992"}],"curies":[{"name":"wp","href":"https:\/\/api.w.org\/{rel}","templated":true}]}}