{"id":6199,"date":"2014-06-20T08:10:43","date_gmt":"2014-06-20T11:10:43","guid":{"rendered":"http:\/\/www.sincomam.org.br\/?p=6199"},"modified":"2014-06-19T16:03:52","modified_gmt":"2014-06-19T19:03:52","slug":"porto-de-fortaleza-tem-15-operacoes-de-navios-ja-agendadas-ate-2016","status":"publish","type":"post","link":"https:\/\/www.sincomam.org.br\/index.php\/porto-de-fortaleza-tem-15-operacoes-de-navios-ja-agendadas-ate-2016\/","title":{"rendered":"Porto de Fortaleza tem 15 opera\u00e7\u00f5es de navios j\u00e1 agendadas at\u00e9 2016"},"content":{"rendered":"<p><strong><em>Apesar de o terminal de Mucuripe j\u00e1 estar em pleno funcionamento, 7% da obra ainda devem ser finalizados at\u00e9 agosto<\/em><\/strong><\/p>\n<p>O novo terminal foi inaugurado com a chegada de cerca de 3.500 mexicanos que vieram \u00e0 Capital para assistir ao jogo entre as sele\u00e7\u00f5es brasileira e mexicana nesta ter\u00e7a-feira, 17 de junho.<\/p>\n<p>O titular da SEP, Ant\u00f4nio Henrique Silveira, disse que o terminal &#8220;\u00e9 um gol de placa para Fortaleza&#8221;. O novo terminal de passageiros do Porto do Mucuripe, que entrou em opera\u00e7\u00e3o ontem, j\u00e1 come\u00e7ou a colocar Fortaleza na rota dos cruzeiros de luxo, a exemplo do MSC Divina. O navio trouxe a bordo cerca de 3.500 mexicanos na manh\u00e3 dessa segunda-feira (16), mas abrigar\u00e1 4.100 pessoas at\u00e9 o dia 19. O novo equipamento tur\u00edstico j\u00e1 tem at\u00e9 15 opera\u00e7\u00f5es do tipo agendadas at\u00e9 o fim de 2016, n\u00famero que ainda dever\u00e1 crescer com a divulga\u00e7\u00e3o do terminal.<\/p>\n<p>A informa\u00e7\u00e3o foi passada ao Di\u00e1rio do Nordeste, com exclusividade, pelo diretor comercial da Companhia Docas do Cear\u00e1 (CDC), Jos\u00e9 Arnaldo Bezerra, durante a inaugura\u00e7\u00e3o do equipamento. &#8220;A esta\u00e7\u00e3o ser\u00e1 a nova porta de entrada para milhares de turistas&#8221;, afirma.<\/p>\n<p>Segundo ele, a expectativa da companhia \u00e9 que empresas como a MSC Cruzeiros e a Royal Caribbean participem da licita\u00e7\u00e3o para o arrendamento de espa\u00e7os na parte superior do terminal, destinada a estabelecimentos comerciais. &#8220;A instala\u00e7\u00e3o de lojas dessas empresas facilitaria ainda mais a vinda de visitantes a Fortaleza&#8221;, complementa.<\/p>\n<p><strong>Conclus\u00e3o das obras<\/strong><\/p>\n<p>A parte superior da esta\u00e7\u00e3o &#8211; reservada tamb\u00e9m a restaurantes e bares, por exemplo &#8211; ainda n\u00e3o ficou pronta. Para disfar\u00e7ar o servi\u00e7o inacabado, a CDC colocou tecidos nas cores verde e amarela, decora\u00e7\u00e3o que chamou a aten\u00e7\u00e3o dos visitantes. &#8220;Conclu\u00edmos 93% das obras do terminal. Os outros 7% correspondem aos servi\u00e7os da parte de cima e ser\u00e3o conclu\u00eddos em agosto&#8221;, diz o presidente da CDC, Paulo Andr\u00e9 Holanda. O gestor refor\u00e7a que os servi\u00e7os s\u00f3 n\u00e3o ficaram completamente prontos devido a uma forte ressaca do mar, no in\u00edcio de 2013. Al\u00e9m de danificar estruturas j\u00e1 erguidas, o fen\u00f4meno natural reduziu o ritmo dos trabalhos em 70%.<\/p>\n<p>Ao todo, foram investidos no Porto do Mucuripe R$ 205 milh\u00f5es, valor 37,5% maior que o previsto inicialmente, R$ 149 milh\u00f5es. Os recursos s\u00e3o do Programa de Acelera\u00e7\u00e3o do Crescimento (PAC) Copa. &#8220;Os gastos ficaram acima do planejado por causa dos danos causados pela ressaca, mas tamb\u00e9m aplicamos parte desse aditivo na compra de m\u00f3veis e outros equipamentos necess\u00e1rios \u00e0 opera\u00e7\u00e3o do terminal&#8221;, justifica Holanda.<\/p>\n<p><strong>Ministro satisfeito<\/strong><\/p>\n<p>O ministro da Secretaria Especial de Portos (SEP), Antonio Henrique Silveira, tamb\u00e9m esteve ontem no Porto do Mucuripe para acompanhar a primeira opera\u00e7\u00e3o do terminal. Ele ficou encantado com a estrutura do equipamento. &#8220;Est\u00e1 muito bonito, \u00e9 um gol de placa para Fortaleza. Do ponto de vista operacional, est\u00e1 tudo perfeito, mesmo que a parte superior n\u00e3o tenha sido conclu\u00edda a tempo por quest\u00f5es clim\u00e1ticas&#8221;, avalia.<\/p>\n<p><strong>Complexo multi\u00faso<\/strong><\/p>\n<p>A nova esta\u00e7\u00e3o de passageiros do Porto do Mucuripe conta com instala\u00e7\u00f5es completas para embarque, desembarque e tr\u00e2nsito de passageiros; armaz\u00e9m de bagagens; sala para \u00f3rg\u00e3os intervenientes (fiscalizadores); bem como estacionamento externo para \u00f4nibus, vans, t\u00e1xis e carros particulares. O equipamento faz parte de um complexo multiuso com cais de atraca\u00e7\u00e3o de 350 m de extens\u00e3o e 13 m de profundidade e retro\u00e1rea com 40 mil m\u00b2 para armazenagem de cont\u00eaineres, o que caracteriza o empreendimento como Terminal de M\u00faltiplo Uso.<\/p>\n<p>Fonte: Di\u00e1rio do Nordeste (CE)Raone Saraiva<\/p>\n","protected":false},"excerpt":{"rendered":"<p>Apesar de o terminal de Mucuripe j\u00e1 estar em pleno funcionamento, 7% da obra ainda devem ser finalizados at\u00e9 agosto O novo terminal foi inaugurado&#8230;<\/p>\n","protected":false},"author":1182,"featured_media":5424,"comment_status":"closed","ping_status":"closed","sticky":false,"template":"","format":"standard","meta":{"footnotes":""},"categories":[6],"tags":[507,348,1167,126,225,80,656],"class_list":["post-6199","post","type-post","status-publish","format-standard","has-post-thumbnail","hentry","category-noticias","tag-conclusao","tag-fortaleza","tag-mucuripe","tag-obras","tag-passageiros","tag-porto","tag-terminal"],"_links":{"self":[{"href":"https:\/\/www.sincomam.org.br\/index.php\/wp-json\/wp\/v2\/posts\/6199","targetHints":{"allow":["GET"]}}],"collection":[{"href":"https:\/\/www.sincomam.org.br\/index.php\/wp-json\/wp\/v2\/posts"}],"about":[{"href":"https:\/\/www.sincomam.org.br\/index.php\/wp-json\/wp\/v2\/types\/post"}],"author":[{"embeddable":true,"href":"https:\/\/www.sincomam.org.br\/index.php\/wp-json\/wp\/v2\/users\/1182"}],"replies":[{"embeddable":true,"href":"https:\/\/www.sincomam.org.br\/index.php\/wp-json\/wp\/v2\/comments?post=6199"}],"version-history":[{"count":1,"href":"https:\/\/www.sincomam.org.br\/index.php\/wp-json\/wp\/v2\/posts\/6199\/revisions"}],"predecessor-version":[{"id":6200,"href":"https:\/\/www.sincomam.org.br\/index.php\/wp-json\/wp\/v2\/posts\/6199\/revisions\/6200"}],"wp:featuredmedia":[{"embeddable":true,"href":"https:\/\/www.sincomam.org.br\/index.php\/wp-json\/wp\/v2\/media\/5424"}],"wp:attachment":[{"href":"https:\/\/www.sincomam.org.br\/index.php\/wp-json\/wp\/v2\/media?parent=6199"}],"wp:term":[{"taxonomy":"category","embeddable":true,"href":"https:\/\/www.sincomam.org.br\/index.php\/wp-json\/wp\/v2\/categories?post=6199"},{"taxonomy":"post_tag","embeddable":true,"href":"https:\/\/www.sincomam.org.br\/index.php\/wp-json\/wp\/v2\/tags?post=6199"}],"curies":[{"name":"wp","href":"https:\/\/api.w.org\/{rel}","templated":true}]}}