{"id":61980,"date":"2025-10-27T11:38:02","date_gmt":"2025-10-27T14:38:02","guid":{"rendered":"https:\/\/www.sincomam.org.br\/?p=61980"},"modified":"2025-10-27T11:38:02","modified_gmt":"2025-10-27T14:38:02","slug":"reuniao-debate-o-futuro-sustentavel-do-mar-brasileiro","status":"publish","type":"post","link":"https:\/\/www.sincomam.org.br\/index.php\/reuniao-debate-o-futuro-sustentavel-do-mar-brasileiro\/","title":{"rendered":"Reuni\u00e3o debate o futuro sustent\u00e1vel do mar brasileiro"},"content":{"rendered":"<p>Marinha e Minist\u00e9rio do Meio Ambiente uneEm um passo decisivo rumo \u00e0 gest\u00e3o sustent\u00e1vel dos oceanos, a Marinha do Brasil e o Minist\u00e9rio do Meio Ambiente e Mudan\u00e7a do Clima (MMA) lan\u00e7aram, no Esp\u00edrito Santo, a etapa regional do Planejamento Espacial Marinho (PEM-Sudeste).<br \/>\nA cerim\u00f4nia, realizada em 15 de outubro de 2025 na Capitania dos Portos do Esp\u00edrito Santo (CPES), contou com autoridades civis, militares e representantes do setor produtivo, e apresentou o cronograma e as metodologias que orientar\u00e3o o ordenamento do uso do mar na regi\u00e3o.<\/p>\n<p>O objetivo \u00e9 alinhar desenvolvimento econ\u00f4mico, seguran\u00e7a mar\u00edtima e conserva\u00e7\u00e3o ambiental, refor\u00e7ando a vis\u00e3o do mar como espa\u00e7o de soberania e sustentabilidade.<\/p>\n<p><strong>Estrutura e objetivos do Planejamento Espacial Marinho (PEM)<\/strong><br \/>\nO Planejamento Espacial Marinho (PEM) \u00e9 um instrumento de governan\u00e7a e ordenamento dos usos do ambiente marinho e costeiro, coordenado pela Marinha do Brasil, por meio da Secretaria da Comiss\u00e3o Interministerial para os Recursos do Mar (SECIRM), em parceria com o Minist\u00e9rio do Meio Ambiente e Mudan\u00e7a do Clima (MMA).<\/p>\n<p>Durante o lan\u00e7amento no Esp\u00edrito Santo, especialistas apresentaram as metodologias de mapeamento e an\u00e1lise espacial, o cronograma de implementa\u00e7\u00e3o e os mecanismos de participa\u00e7\u00e3o social e interinstitucional.<\/p>\n<p>O PEM busca promover o equil\u00edbrio entre crescimento econ\u00f4mico, conserva\u00e7\u00e3o ambiental, seguran\u00e7a da navega\u00e7\u00e3o e sustentabilidade dos ecossistemas, dentro da perspectiva da Economia Azul, que valoriza o uso racional e estrat\u00e9gico do mar.<\/p>\n<p><strong>Alinhamento institucional e participa\u00e7\u00e3o social<\/strong><br \/>\nO evento reuniu o Comandante do 1\u00ba Distrito Naval, o Secret\u00e1rio da SECIRM, o Secret\u00e1rio de Economia e Planejamento do Esp\u00edrito Santo, o Coordenador Nacional do PEM do MMA, al\u00e9m de representantes da Funda\u00e7\u00e3o Get\u00falio Vargas (FGV) e da Environpact.<\/p>\n<p>As apresenta\u00e7\u00f5es destacaram a import\u00e2ncia do alinhamento entre institui\u00e7\u00f5es p\u00fablicas, setor produtivo e sociedade civil para a consolida\u00e7\u00e3o do PEM. Essa articula\u00e7\u00e3o permitir\u00e1 identificar conflitos e complementaridades entre atividades mar\u00edtimas, como pesca, turismo, transporte, explora\u00e7\u00e3o energ\u00e9tica e conserva\u00e7\u00e3o ambiental.<\/p>\n<p>O processo participativo tamb\u00e9m contribuir\u00e1 para aprimorar o planejamento territorial costeiro, garantindo maior transpar\u00eancia e efici\u00eancia na tomada de decis\u00f5es sobre o uso do espa\u00e7o oce\u00e2nico brasileiro.<\/p>\n<p><strong>Expans\u00e3o do projeto e import\u00e2ncia estrat\u00e9gica para o Brasil<\/strong><br \/>\nO PEM-Sudeste \u00e9 a terceira etapa regional do programa, que j\u00e1 est\u00e1 em andamento nas regi\u00f5es Sul e Nordeste. Ap\u00f3s o lan\u00e7amento no Esp\u00edrito Santo, o cronograma prev\u00ea eventos no Rio de Janeiro (23 de outubro) e em S\u00e3o Paulo (28 de outubro).<\/p>\n<p>O projeto tem alcance nacional e estrat\u00e9gico, pois define diretrizes para o uso sustent\u00e1vel dos recursos marinhos, o planejamento de infraestruturas costeiras e portu\u00e1rias, e a prote\u00e7\u00e3o da biodiversidade marinha, integrando objetivos de defesa, economia e meio ambiente.<\/p>\n<p>Ao promover a integra\u00e7\u00e3o entre minist\u00e9rios, universidades, empresas e \u00f3rg\u00e3os ambientais, o PEM fortalece a presen\u00e7a do Brasil na Governan\u00e7a Internacional dos Oceanos e reafirma o compromisso do pa\u00eds com a sustentabilidade e a soberania mar\u00edtima.<\/p>\n<p>Fonte: Defesa em Foco<\/p>\n","protected":false},"excerpt":{"rendered":"<p>Marinha e Minist\u00e9rio do Meio Ambiente uneEm um passo decisivo rumo \u00e0 gest\u00e3o sustent\u00e1vel dos oceanos, a Marinha do Brasil e o Minist\u00e9rio do Meio&#8230;<\/p>\n","protected":false},"author":1527,"featured_media":61981,"comment_status":"closed","ping_status":"closed","sticky":false,"template":"","format":"standard","meta":{"footnotes":""},"categories":[6],"tags":[],"class_list":["post-61980","post","type-post","status-publish","format-standard","has-post-thumbnail","hentry","category-noticias"],"_links":{"self":[{"href":"https:\/\/www.sincomam.org.br\/index.php\/wp-json\/wp\/v2\/posts\/61980","targetHints":{"allow":["GET"]}}],"collection":[{"href":"https:\/\/www.sincomam.org.br\/index.php\/wp-json\/wp\/v2\/posts"}],"about":[{"href":"https:\/\/www.sincomam.org.br\/index.php\/wp-json\/wp\/v2\/types\/post"}],"author":[{"embeddable":true,"href":"https:\/\/www.sincomam.org.br\/index.php\/wp-json\/wp\/v2\/users\/1527"}],"replies":[{"embeddable":true,"href":"https:\/\/www.sincomam.org.br\/index.php\/wp-json\/wp\/v2\/comments?post=61980"}],"version-history":[{"count":1,"href":"https:\/\/www.sincomam.org.br\/index.php\/wp-json\/wp\/v2\/posts\/61980\/revisions"}],"predecessor-version":[{"id":61982,"href":"https:\/\/www.sincomam.org.br\/index.php\/wp-json\/wp\/v2\/posts\/61980\/revisions\/61982"}],"wp:featuredmedia":[{"embeddable":true,"href":"https:\/\/www.sincomam.org.br\/index.php\/wp-json\/wp\/v2\/media\/61981"}],"wp:attachment":[{"href":"https:\/\/www.sincomam.org.br\/index.php\/wp-json\/wp\/v2\/media?parent=61980"}],"wp:term":[{"taxonomy":"category","embeddable":true,"href":"https:\/\/www.sincomam.org.br\/index.php\/wp-json\/wp\/v2\/categories?post=61980"},{"taxonomy":"post_tag","embeddable":true,"href":"https:\/\/www.sincomam.org.br\/index.php\/wp-json\/wp\/v2\/tags?post=61980"}],"curies":[{"name":"wp","href":"https:\/\/api.w.org\/{rel}","templated":true}]}}