{"id":61974,"date":"2025-10-27T11:30:46","date_gmt":"2025-10-27T14:30:46","guid":{"rendered":"https:\/\/www.sincomam.org.br\/?p=61974"},"modified":"2025-10-27T11:30:46","modified_gmt":"2025-10-27T14:30:46","slug":"suape-e-policia-federal-firmam-acordo-para-reforcar-seguranca-no-porto","status":"publish","type":"post","link":"https:\/\/www.sincomam.org.br\/index.php\/suape-e-policia-federal-firmam-acordo-para-reforcar-seguranca-no-porto\/","title":{"rendered":"Suape e Pol\u00edcia Federal firmam acordo para refor\u00e7ar seguran\u00e7a no porto"},"content":{"rendered":"<p>Suape fechou acordo de coopera\u00e7\u00e3o t\u00e9cnica com a Superintend\u00eancia Regional da Pol\u00edcia Federal em Pernambuco. A parceria, com opera\u00e7\u00f5es j\u00e1 em andamento, fortalece a\u00e7\u00f5es de policiamento ostensivo na \u00e1rea portu\u00e1ria, com foco na preven\u00e7\u00e3o e repress\u00e3o a crimes como tr\u00e1fico de drogas, contrabando, crimes ambientais e outras infra\u00e7\u00f5es transnacionais.<\/p>\n<p>A Pol\u00edcia Federal celebra pela primeira vez um conv\u00eanio desse tipo com uma autoridade portu\u00e1ria, o que representa um marco importante na atua\u00e7\u00e3o integrada entre institui\u00e7\u00f5es p\u00fablicas.<\/p>\n<p>O acordo, assinado pelo diretor-presidente de Suape, Armando Monteiro Bisneto, e o superintendente da PF em Pernambuco, delegado Ant\u00f4nio de P\u00e1dua Vieira Cavalcanti, tem vig\u00eancia de 60 meses, e n\u00e3o implica em transfer\u00eancia de recursos financeiros. As despesas s\u00e3o custeadas por cada uma das institui\u00e7\u00f5es, seguindo as respectivas compet\u00eancias.<\/p>\n<p>A Unidade de Pol\u00edcia Mar\u00edtima da PF est\u00e1 atuando diretamente na \u00e1rea do porto, ampliando o monitoramento, a fiscaliza\u00e7\u00e3o e a resposta r\u00e1pida a atividades il\u00edcitas. Al\u00e9m das a\u00e7\u00f5es de patrulhamento.<\/p>\n<p>O acordo tamb\u00e9m prev\u00ea o interc\u00e2mbio de informa\u00e7\u00f5es estrat\u00e9gicas, o uso compartilhado de infraestrutura, recursos log\u00edsticos e a realiza\u00e7\u00e3o de opera\u00e7\u00f5es conjuntas \u2013 tanto no \u00e2mbito operacional quanto de intelig\u00eancia.<\/p>\n<p>O diretor-presidente de Suape, Armando Monteiro Bisneto, informa que a iniciativa refor\u00e7a o compromisso de Suape com a seguran\u00e7a, a legalidade e o desenvolvimento sustent\u00e1vel das atividades portu\u00e1rias.<\/p>\n<p>Fonte: Informativo dos Portos<\/p>\n","protected":false},"excerpt":{"rendered":"<p>Suape fechou acordo de coopera\u00e7\u00e3o t\u00e9cnica com a Superintend\u00eancia Regional da Pol\u00edcia Federal em Pernambuco. A parceria, com opera\u00e7\u00f5es j\u00e1 em andamento, fortalece a\u00e7\u00f5es de&#8230;<\/p>\n","protected":false},"author":1527,"featured_media":61975,"comment_status":"closed","ping_status":"closed","sticky":false,"template":"","format":"standard","meta":{"footnotes":""},"categories":[6],"tags":[],"class_list":["post-61974","post","type-post","status-publish","format-standard","has-post-thumbnail","hentry","category-noticias"],"_links":{"self":[{"href":"https:\/\/www.sincomam.org.br\/index.php\/wp-json\/wp\/v2\/posts\/61974","targetHints":{"allow":["GET"]}}],"collection":[{"href":"https:\/\/www.sincomam.org.br\/index.php\/wp-json\/wp\/v2\/posts"}],"about":[{"href":"https:\/\/www.sincomam.org.br\/index.php\/wp-json\/wp\/v2\/types\/post"}],"author":[{"embeddable":true,"href":"https:\/\/www.sincomam.org.br\/index.php\/wp-json\/wp\/v2\/users\/1527"}],"replies":[{"embeddable":true,"href":"https:\/\/www.sincomam.org.br\/index.php\/wp-json\/wp\/v2\/comments?post=61974"}],"version-history":[{"count":1,"href":"https:\/\/www.sincomam.org.br\/index.php\/wp-json\/wp\/v2\/posts\/61974\/revisions"}],"predecessor-version":[{"id":61976,"href":"https:\/\/www.sincomam.org.br\/index.php\/wp-json\/wp\/v2\/posts\/61974\/revisions\/61976"}],"wp:featuredmedia":[{"embeddable":true,"href":"https:\/\/www.sincomam.org.br\/index.php\/wp-json\/wp\/v2\/media\/61975"}],"wp:attachment":[{"href":"https:\/\/www.sincomam.org.br\/index.php\/wp-json\/wp\/v2\/media?parent=61974"}],"wp:term":[{"taxonomy":"category","embeddable":true,"href":"https:\/\/www.sincomam.org.br\/index.php\/wp-json\/wp\/v2\/categories?post=61974"},{"taxonomy":"post_tag","embeddable":true,"href":"https:\/\/www.sincomam.org.br\/index.php\/wp-json\/wp\/v2\/tags?post=61974"}],"curies":[{"name":"wp","href":"https:\/\/api.w.org\/{rel}","templated":true}]}}