{"id":61971,"date":"2025-10-27T11:05:56","date_gmt":"2025-10-27T14:05:56","guid":{"rendered":"https:\/\/www.sincomam.org.br\/?p=61971"},"modified":"2025-10-27T11:05:56","modified_gmt":"2025-10-27T14:05:56","slug":"portos-publicos-do-sul-movimentaram-853-milhoes-de-toneladas-de-janeiro-a-agosto","status":"publish","type":"post","link":"https:\/\/www.sincomam.org.br\/index.php\/portos-publicos-do-sul-movimentaram-853-milhoes-de-toneladas-de-janeiro-a-agosto\/","title":{"rendered":"Portos p\u00fablicos do Sul movimentaram 85,3 milh\u00f5es de toneladas de janeiro a agosto"},"content":{"rendered":"<p>Os portos p\u00fablicos da regi\u00e3o Sul registraram de janeiro a agosto de 2025 crescimento de 7,9% na movimenta\u00e7\u00e3o de cargas, com 85,3 milh\u00f5es de toneladas, segundos dados divulgados nesta sexta-feira (24) pela Ag\u00eancia Nacional de Transportes Aquavi\u00e1rios (Antaq). A maior parte do volume, 43,9 milh\u00f5es de toneladas, passou pelo Porto de Paranagu\u00e1, no Paran\u00e1.<\/p>\n<p>De acordo com a Antaq, o Porto de Rio Grande, no Rio Grande do Sul, com 20,2 milh\u00f5es de toneladas, foi o segundo em movimento na regi\u00e3o nos oito primeiros meses do ano. Na sequ\u00eancia, ficaram os terminais catarinenses, com 12,1 milh\u00f5es de toneladas movimentadas pelo Porto de S\u00e3o Francisco do Sul, 4,8 milh\u00f5es de toneladas pelo Porto de Imbituba e 2,5 milh\u00f5es de toneladas pelo Porto de Itaja\u00ed.<\/p>\n<p>A ag\u00eancia informou ainda que, em compara\u00e7\u00e3o com o mesmo per\u00edodo de 2024, houve um aumento de 21,14% na movimenta\u00e7\u00e3o de cargas em cont\u00eaineres, com 19,9 milh\u00f5es de toneladas no per\u00edodo, e de 15,46% na carga geral, que atingiu nove milh\u00f5es de toneladas. Na navega\u00e7\u00e3o de longo curso, a alta registrada foi de 7,19%, com volume total de 73,4 milh\u00f5es de toneladas. Na exporta\u00e7\u00e3o, principalmente de milho e soja, foi de 4,95%, enquanto as atuais cresceram 11,84%<\/p>\n<p>O ministro de Portos e Aeroportos, Silvio Costa Filho, creditou o aumento da movimenta\u00e7\u00e3o dos portos p\u00fablicos da regi\u00e3o Sul \u00e0 gest\u00e3o eficiente. \u201c\u00c9 resultado de uma gest\u00e3o eficiente e focada em competitividade\u201d, afirmou.<\/p>\n<p>Fonte: Revista Portos e Navios<\/p>\n","protected":false},"excerpt":{"rendered":"<p>Os portos p\u00fablicos da regi\u00e3o Sul registraram de janeiro a agosto de 2025 crescimento de 7,9% na movimenta\u00e7\u00e3o de cargas, com 85,3 milh\u00f5es de toneladas,&#8230;<\/p>\n","protected":false},"author":1527,"featured_media":61972,"comment_status":"closed","ping_status":"closed","sticky":false,"template":"","format":"standard","meta":{"footnotes":""},"categories":[6],"tags":[],"class_list":["post-61971","post","type-post","status-publish","format-standard","has-post-thumbnail","hentry","category-noticias"],"_links":{"self":[{"href":"https:\/\/www.sincomam.org.br\/index.php\/wp-json\/wp\/v2\/posts\/61971","targetHints":{"allow":["GET"]}}],"collection":[{"href":"https:\/\/www.sincomam.org.br\/index.php\/wp-json\/wp\/v2\/posts"}],"about":[{"href":"https:\/\/www.sincomam.org.br\/index.php\/wp-json\/wp\/v2\/types\/post"}],"author":[{"embeddable":true,"href":"https:\/\/www.sincomam.org.br\/index.php\/wp-json\/wp\/v2\/users\/1527"}],"replies":[{"embeddable":true,"href":"https:\/\/www.sincomam.org.br\/index.php\/wp-json\/wp\/v2\/comments?post=61971"}],"version-history":[{"count":1,"href":"https:\/\/www.sincomam.org.br\/index.php\/wp-json\/wp\/v2\/posts\/61971\/revisions"}],"predecessor-version":[{"id":61973,"href":"https:\/\/www.sincomam.org.br\/index.php\/wp-json\/wp\/v2\/posts\/61971\/revisions\/61973"}],"wp:featuredmedia":[{"embeddable":true,"href":"https:\/\/www.sincomam.org.br\/index.php\/wp-json\/wp\/v2\/media\/61972"}],"wp:attachment":[{"href":"https:\/\/www.sincomam.org.br\/index.php\/wp-json\/wp\/v2\/media?parent=61971"}],"wp:term":[{"taxonomy":"category","embeddable":true,"href":"https:\/\/www.sincomam.org.br\/index.php\/wp-json\/wp\/v2\/categories?post=61971"},{"taxonomy":"post_tag","embeddable":true,"href":"https:\/\/www.sincomam.org.br\/index.php\/wp-json\/wp\/v2\/tags?post=61971"}],"curies":[{"name":"wp","href":"https:\/\/api.w.org\/{rel}","templated":true}]}}