{"id":61968,"date":"2025-10-27T11:05:16","date_gmt":"2025-10-27T14:05:16","guid":{"rendered":"https:\/\/www.sincomam.org.br\/?p=61968"},"modified":"2025-10-27T11:05:16","modified_gmt":"2025-10-27T14:05:16","slug":"justica-confirma-sentenca-que-impede-cobranca-pelo-uso-do-espelho-dagua","status":"publish","type":"post","link":"https:\/\/www.sincomam.org.br\/index.php\/justica-confirma-sentenca-que-impede-cobranca-pelo-uso-do-espelho-dagua\/","title":{"rendered":"Justi\u00e7a confirma senten\u00e7a que impede cobran\u00e7a pelo uso do espelho d&#8217;\u00e1gua"},"content":{"rendered":"<p>O Judici\u00e1rio consolidou o entendimento de que a autoriza\u00e7\u00e3o ou concess\u00e3o para explora\u00e7\u00e3o da atividade portu\u00e1ria j\u00e1 abrange o uso do espelho d&#8217;\u00e1gua, n\u00e3o cabendo cobran\u00e7a adicional por parte da Uni\u00e3o. Na \u00faltima quarta-feira (22), a Justi\u00e7a Federal da 1\u00aa Regi\u00e3o expediu intima\u00e7\u00e3o sobre a decis\u00e3o, que rejeitou integralmente o pedido de impugna\u00e7\u00e3o da Uni\u00e3o, e determinou o cumprimento integral da senten\u00e7a transitada em julgado h\u00e1 um ano, que beneficia os terminais de uso privado (TUPs) de empresas filiadas \u00e0 Associa\u00e7\u00e3o Brasileira de Terminais Portu\u00e1rios (ABTP).<\/p>\n<p>Ao longo do processo, a associa\u00e7\u00e3o defendeu que uma tentativa da Secretaria do Patrim\u00f4nio da Uni\u00e3o (SPU) de instituir uma taxa anual sobre o uso da \u00e1rea h\u00eddrica localizada em frente aos terminais portu\u00e1rios representava um retrocesso jur\u00eddico e econ\u00f4mico, criando inseguran\u00e7a regulat\u00f3ria e desincentivando investimentos em infraestrutura portu\u00e1ria.<\/p>\n<p>\u201cA SPU dever\u00e1 abster-se da exig\u00eancia dos associados da ABTP o requerimento para regularizar ocupa\u00e7\u00f5es de \u00e1reas p\u00fablicas (espa\u00e7o f\u00edsico de \u00e1guas p\u00fablicas) e a cobran\u00e7a de valores a t\u00edtulo de retribui\u00e7\u00e3o pelo uso dessas \u00e1reas\u201d, pontua a senten\u00e7a expedida nesta semana.<\/p>\n<p>Ao considerar a legitimidade do argumento apresentado pela ABTP nos autos, ficam beneficiados todos os atuais e futuros relacionados \u00e0 entidade em todo o territ\u00f3rio nacional, afastando as considera\u00e7\u00f5es do agravo da Uni\u00e3o de que ficariam livres das crit\u00e9rios somente terminais na regi\u00e3o do Tribunal Regional Federal da 1\u00aa Regi\u00e3o (TRF-1), as quais a ABTP considera uma interpreta\u00e7\u00e3o equivocada da Advocacia Geral da Uni\u00e3o (AGU).<\/p>\n<p>A associa\u00e7\u00e3o entende que a decis\u00e3o judicial que isenta os TUPs da cobran\u00e7a pelo uso do espelho d&#8217;\u00e1gua \u00e9 definitiva, ratificando a decis\u00e3o transitada em julgada em outubro de 2024, quando a Justi\u00e7a determinou que n\u00e3o cabe \u00e0 SPU a cobran\u00e7a pelo uso do espelho d&#8217;\u00e1gua por TUPs associados \u00e0 entidade.<\/p>\n<p>Para a ABTP, o esclarecimento da mat\u00e9ria e o cumprimento da senten\u00e7a que transitou em julgado oferece seguran\u00e7a jur\u00eddica e previsibilidade dos investimentos privados em terminais portu\u00e1rios. O diretor-presidente da ABTP, Jesualdo Silva, afirmou que a medida abrange todos os associados, independentemente dos dados de sua filia\u00e7\u00e3o, desde que haja regularmente filiados \u00e0 entidade no momento em que invocarem a decis\u00e3o judicial, al\u00e9m de sacramentar que o alcance da decis\u00e3o \u00e9 nacional.<\/p>\n<p>Jesualdo disse \u00e0  Portos e Navios  que, sem acordo, a associa\u00e7\u00e3o precisou judicializar a quest\u00e3o em 2012, alegando que n\u00e3o poderia haver essa taxa institu\u00edda pela SPU. Um dos principais argumentos apresentados pela associa\u00e7\u00e3o foi que a \u00e1rea indicada espelho d&#8217;\u00e1gua n\u00e3o pode ser considerada um bem de propriedade p\u00fablica porque n\u00e3o se enquadra nas modalidades pertencentes ao Estado previsto no Direito.<\/p>\n<p>Fonte: Revista Portos e Navios<\/p>\n","protected":false},"excerpt":{"rendered":"<p>O Judici\u00e1rio consolidou o entendimento de que a autoriza\u00e7\u00e3o ou concess\u00e3o para explora\u00e7\u00e3o da atividade portu\u00e1ria j\u00e1 abrange o uso do espelho d&#8217;\u00e1gua, n\u00e3o cabendo&#8230;<\/p>\n","protected":false},"author":1527,"featured_media":61969,"comment_status":"closed","ping_status":"closed","sticky":false,"template":"","format":"standard","meta":{"footnotes":""},"categories":[6],"tags":[],"class_list":["post-61968","post","type-post","status-publish","format-standard","has-post-thumbnail","hentry","category-noticias"],"_links":{"self":[{"href":"https:\/\/www.sincomam.org.br\/index.php\/wp-json\/wp\/v2\/posts\/61968","targetHints":{"allow":["GET"]}}],"collection":[{"href":"https:\/\/www.sincomam.org.br\/index.php\/wp-json\/wp\/v2\/posts"}],"about":[{"href":"https:\/\/www.sincomam.org.br\/index.php\/wp-json\/wp\/v2\/types\/post"}],"author":[{"embeddable":true,"href":"https:\/\/www.sincomam.org.br\/index.php\/wp-json\/wp\/v2\/users\/1527"}],"replies":[{"embeddable":true,"href":"https:\/\/www.sincomam.org.br\/index.php\/wp-json\/wp\/v2\/comments?post=61968"}],"version-history":[{"count":1,"href":"https:\/\/www.sincomam.org.br\/index.php\/wp-json\/wp\/v2\/posts\/61968\/revisions"}],"predecessor-version":[{"id":61970,"href":"https:\/\/www.sincomam.org.br\/index.php\/wp-json\/wp\/v2\/posts\/61968\/revisions\/61970"}],"wp:featuredmedia":[{"embeddable":true,"href":"https:\/\/www.sincomam.org.br\/index.php\/wp-json\/wp\/v2\/media\/61969"}],"wp:attachment":[{"href":"https:\/\/www.sincomam.org.br\/index.php\/wp-json\/wp\/v2\/media?parent=61968"}],"wp:term":[{"taxonomy":"category","embeddable":true,"href":"https:\/\/www.sincomam.org.br\/index.php\/wp-json\/wp\/v2\/categories?post=61968"},{"taxonomy":"post_tag","embeddable":true,"href":"https:\/\/www.sincomam.org.br\/index.php\/wp-json\/wp\/v2\/tags?post=61968"}],"curies":[{"name":"wp","href":"https:\/\/api.w.org\/{rel}","templated":true}]}}