{"id":61962,"date":"2025-10-27T11:02:36","date_gmt":"2025-10-27T14:02:36","guid":{"rendered":"https:\/\/www.sincomam.org.br\/?p=61962"},"modified":"2025-10-27T11:02:36","modified_gmt":"2025-10-27T14:02:36","slug":"valaris-adia-fim-e-inicio-de-contratos-do-navio-afretado-a-equinor","status":"publish","type":"post","link":"https:\/\/www.sincomam.org.br\/index.php\/valaris-adia-fim-e-inicio-de-contratos-do-navio-afretado-a-equinor\/","title":{"rendered":"Valaris adia fim e in\u00edcio de contratos do navio afretado \u00e0 Equinor"},"content":{"rendered":"<p><span dir=\"auto\">A Valaris atualizou as datas de fim e in\u00edcio do contrato de afretamento do navio-sonda Valaris DS-17, que est\u00e1 afretado para a Equinor, segundo o Fleet Status Report divulgado na quinta-feira (23).\u00a0<\/span><\/p>\n<p><span dir=\"auto\">No contrato atual do Valaris DS-17, o per\u00edodo ativo iria at\u00e9 outubro de 2025. Agora, foi estendido at\u00e9 dezembro de 2025. Para o pr\u00f3ximo contrato, tamb\u00e9m com a companhia norueguesa, o in\u00edcio previsto era em outubro, mas mudou para janeiro de 2026.\u00a0<\/span><\/p>\n<p><span dir=\"auto\">O navio ficar\u00e1 aproximadamente fora de servi\u00e7o por 25 dias, para atualiza\u00e7\u00f5es ordin\u00e1rias pela Equinor no primeiro semestre de 2026. O contrato foi avaliado em US$ 498 milh\u00f5es.\u00a0<\/span><\/p>\n<p><span dir=\"auto\">A unidade foi escolhida pela Equinor para atividades de perfura\u00e7\u00e3o do projeto Raia<\/span><span dir=\"auto\">\u00a0, que est\u00e1 localizada no pr\u00e9-sal da Bacia de Campos. O objetivo \u00e9 perfurar seis po\u00e7os a partir de 2026, de modo que o projeto entre\u00a0<\/span><span dir=\"auto\">\u00a0em produ\u00e7\u00e3o no primeiro trimestre de 2028<\/span><span dir=\"auto\">.<\/span><\/p>\n<h2 class=\"wp-block-heading\"><span dir=\"auto\">Detalhes do projeto Raia<\/span><\/h2>\n<p><span dir=\"auto\">A decis\u00e3o final de investimento (FID) do projeto, avaliada em US$ 9 bilh\u00f5es<\/span><span dir=\"auto\">\u00a0, foi tomada pelo cons\u00f3rcio em maio de 2023. A Equinor opera o projeto com 35% de participa\u00e7\u00e3o, em parceria com a Repsol Sinopec (35%) e a Petrobras (30%).<\/span><\/p>\n<p><span dir=\"auto\">Raia contempla tr\u00eas descobertas descobertas no bloco BM-C-33 (P\u00e3o de A\u00e7\u00facar, G\u00e1vea e Seat), no pr\u00e9-sal da Bacia de Campos, que cont\u00e9m reservas recuper\u00e1veis \u200b\u200bde g\u00e1s natural e \u00f3leo\/condensado superiores a 1 bilh\u00e3o de boe.<\/span><\/p>\n<p><span dir=\"auto\">O projeto contempla a produ\u00e7\u00e3o por po\u00e7os conectados a um FPSO capaz de tratar o \u00f3leo\/condensado e especificar o g\u00e1s produzido. O FPSO ter\u00e1 capacidade para processar 126 mil bpd de \u00f3leo\/condensado, enquanto a capacidade de exporta\u00e7\u00e3o do gasoduto ser\u00e1 de 16 milh\u00f5es de m\u00b3\/dia.\u00a0<\/span><\/p>\n<p><span dir=\"auto\">O g\u00e1s especificado para venda ser\u00e1 escoado por meio de um gasoduto offshore de 200 km, saindo do FPSO em dire\u00e7\u00e3o a Cabi\u00fanas, na cidade de Maca\u00e9. J\u00e1 os l\u00edquidos ser\u00e3o descarregados por meio de navios aliviadores.\u00a0<\/span><\/p>\n<p><span dir=\"auto\">Nesta sexta-feira (24), a companhia concluiu a instala\u00e7\u00e3o da funda\u00e7\u00e3o do\u00a0\u00a0<\/span><em><span dir=\"auto\">Pipeline End Manifold<\/span><\/em><span dir=\"auto\">\u00a0\u00a0(PLEM). A estrutura servir\u00e1 como base para o PLEM, que tem como objetivo conectar os risers ao gasoduto que transportar\u00e1 o g\u00e1s do FPSO at\u00e9 a costa.<\/span><\/p>\n<p><span dir=\"auto\">Um m\u00eas antes<\/span><span dir=\"auto\">\u00a0, a Equinor concluiu a instala\u00e7\u00e3o do trecho de 15 km de \u00e1guas rasas do gasoduto Raia.\u00a0<\/span><span dir=\"auto\">\u00a0Ap\u00f3s receber o aval do Ibama<\/span><span dir=\"auto\">\u00a0, o trecho terrestre do gasoduto, de cerca de 4 km, ser\u00e1 instalado.<\/span><\/p>\n<p><span dir=\"auto\">Fonte:\u00a0<\/span><span dir=\"auto\">Revista Brasil Energia<\/span><\/p>\n","protected":false},"excerpt":{"rendered":"<p>A Valaris atualizou as datas de fim e in\u00edcio do contrato de afretamento do navio-sonda Valaris DS-17, que est\u00e1 afretado para a Equinor, segundo o&#8230;<\/p>\n","protected":false},"author":1527,"featured_media":61963,"comment_status":"closed","ping_status":"closed","sticky":false,"template":"","format":"standard","meta":{"footnotes":""},"categories":[6],"tags":[],"class_list":["post-61962","post","type-post","status-publish","format-standard","has-post-thumbnail","hentry","category-noticias"],"_links":{"self":[{"href":"https:\/\/www.sincomam.org.br\/index.php\/wp-json\/wp\/v2\/posts\/61962","targetHints":{"allow":["GET"]}}],"collection":[{"href":"https:\/\/www.sincomam.org.br\/index.php\/wp-json\/wp\/v2\/posts"}],"about":[{"href":"https:\/\/www.sincomam.org.br\/index.php\/wp-json\/wp\/v2\/types\/post"}],"author":[{"embeddable":true,"href":"https:\/\/www.sincomam.org.br\/index.php\/wp-json\/wp\/v2\/users\/1527"}],"replies":[{"embeddable":true,"href":"https:\/\/www.sincomam.org.br\/index.php\/wp-json\/wp\/v2\/comments?post=61962"}],"version-history":[{"count":1,"href":"https:\/\/www.sincomam.org.br\/index.php\/wp-json\/wp\/v2\/posts\/61962\/revisions"}],"predecessor-version":[{"id":61964,"href":"https:\/\/www.sincomam.org.br\/index.php\/wp-json\/wp\/v2\/posts\/61962\/revisions\/61964"}],"wp:featuredmedia":[{"embeddable":true,"href":"https:\/\/www.sincomam.org.br\/index.php\/wp-json\/wp\/v2\/media\/61963"}],"wp:attachment":[{"href":"https:\/\/www.sincomam.org.br\/index.php\/wp-json\/wp\/v2\/media?parent=61962"}],"wp:term":[{"taxonomy":"category","embeddable":true,"href":"https:\/\/www.sincomam.org.br\/index.php\/wp-json\/wp\/v2\/categories?post=61962"},{"taxonomy":"post_tag","embeddable":true,"href":"https:\/\/www.sincomam.org.br\/index.php\/wp-json\/wp\/v2\/tags?post=61962"}],"curies":[{"name":"wp","href":"https:\/\/api.w.org\/{rel}","templated":true}]}}