{"id":61948,"date":"2025-10-24T13:30:55","date_gmt":"2025-10-24T16:30:55","guid":{"rendered":"https:\/\/www.sincomam.org.br\/?p=61948"},"modified":"2025-10-24T13:32:27","modified_gmt":"2025-10-24T16:32:27","slug":"guardas-marinha-da-39a-viagem-de-instrucao-visitam-a-sede-da-organizacao-maritima-internacional-e-acompanham-debates-sobre-descarbonizacao-do-transporte-maritimo","status":"publish","type":"post","link":"https:\/\/www.sincomam.org.br\/index.php\/guardas-marinha-da-39a-viagem-de-instrucao-visitam-a-sede-da-organizacao-maritima-internacional-e-acompanham-debates-sobre-descarbonizacao-do-transporte-maritimo\/","title":{"rendered":"Guardas-Marinha visitam Organiza\u00e7\u00e3o Mar\u00edtima Internacional e acompanham debates sobre descarboniza\u00e7\u00e3o do transporte mar\u00edtimo"},"content":{"rendered":"<p class=\"text-align-justify\">Os futuros Oficiais da Marinha do Brasil (MB), que integram a 39\u00aa Viagem de Instru\u00e7\u00e3o de Guardas-Marinha a bordo do Navio-Escola \u201cBrasil\u201d, vivenciaram a pr\u00e1tica da diplomacia internacional, em Londres (Reino Unido), ao participarem de um evento sobre descarboniza\u00e7\u00e3o do setor mar\u00edtimo e das medidas de redu\u00e7\u00e3o das emiss\u00f5es de gases de efeito estufa (GEE) por navios de todo o mundo.<\/p>\n<p class=\"text-align-justify\">A atividade, promovida no dia 16 de outubro, ocorreu durante a reuni\u00e3o especial do Comit\u00ea de Prote\u00e7\u00e3o do Meio Ambiente Marinho (MEPC) e proporcionou aos futuros Oficiais da MB uma viv\u00eancia pr\u00e1tica da diplomacia internacional e das discuss\u00f5es globais sobre a redu\u00e7\u00e3o de emiss\u00f5es de GEE.<\/p>\n<p class=\"text-align-justify\">Na reuni\u00e3o, os futuros Oficiais receberam explica\u00e7\u00f5es sobre o papel da IMO como ag\u00eancia especializada das Na\u00e7\u00f5es Unidas (ONU), respons\u00e1vel pela regulamenta\u00e7\u00e3o do transporte mar\u00edtimo internacional, bem como sobre o funcionamento dos comit\u00eas t\u00e9cnicos e a import\u00e2ncia das decis\u00f5es tomadas por consenso ou por vota\u00e7\u00e3o entre os 176 Estados-Membros.<\/p>\n<p class=\"text-align-justify\">Segundo o Representante Permanente do Brasil junto \u00e0 IMO, Almirante de Esquadra (Reserva) Jos\u00e9 Augusto Vieira da Cunha de Menezes, \u201cessa visita ocorre em um momento emblem\u00e1tico, dentro da D\u00e9cada Oce\u00e2nica, e ajuda a formar uma gera\u00e7\u00e3o de Oficiais conscientes sobre a import\u00e2ncia de reduzir as emiss\u00f5es de gases de efeito estufa e de preservar os oceanos.\u201d<\/p>\n<p class=\"text-align-justify\">Para o Almirante Cunha, a viv\u00eancia internacional \u00e9 um marco na carreira dos Guardas-Marinha, permitindo que compreendam, desde cedo, a import\u00e2ncia da coopera\u00e7\u00e3o entre as na\u00e7\u00f5es e da atua\u00e7\u00e3o da Marinha em f\u00f3runs multilaterais. Ele afirmou ainda que a meta, de acordo com a estrat\u00e9gia definida pela IMO, \u00e9 que as emiss\u00f5es de GEE do transporte mar\u00edtimo internacional atinjam o n\u00edvel net-zero (zero l\u00edquido) at\u00e9 cerca de 2050. \u201cO Brasil vem contribuindo colaborativamente para o desenvolvimento das medidas a serem adotadas, a fim de que a meta seja alcan\u00e7ada de forma sustent\u00e1vel e justa, sem comprometer o desenvolvimento econ\u00f4mico e a seguran\u00e7a energ\u00e9tica nacional e global\u201d, completou.<\/p>\n<p class=\"text-align-justify\">Em suma, a visita dos Guardas-Marinha \u00e0 IMO proporcionou uma oportunidade \u00edmpar de conhecer de perto o funcionamento de uma organiza\u00e7\u00e3o internacional que desempenha papel central na prote\u00e7\u00e3o do meio ambiente marinho e na seguran\u00e7a da navega\u00e7\u00e3o. O contato direto com o ambiente diplom\u00e1tico e t\u00e9cnico da IMO contribui para ampliar a forma\u00e7\u00e3o dos futuros Oficiais, alinhando-os \u00e0s quest\u00f5es contempor\u00e2neas do setor mar\u00edtimo mundial.<\/p>\n<p class=\"text-align-justify\">Para o Guarda-Marinha Jo\u00e3o Marcos Neves Fogal Garcia Porto, a visita \u00e0 IMO, durante este in\u00edcio da carreira de Oficial, representou um momento de troca de informa\u00e7\u00f5es, ideias e muita motiva\u00e7\u00e3o. \u201cEntendemos, ali, o qu\u00e3o fundamental \u00e9 n\u00e3o somente representar a Marinha do Brasil fora do Pa\u00eds, mas tamb\u00e9m aprender sobre as quest\u00f5es atinentes ao mar europeu e desenvolver uma cultura oce\u00e2nica diplom\u00e1tica. Visitamos pa\u00edses com culturas extremamente ligadas ao oceano, assim como tamb\u00e9m \u00e9 a nossa Na\u00e7\u00e3o\u201d, resumiu.<\/p>\n<h5 class=\"text-align-justify\">Sobre a IMO<\/h5>\n<p class=\"text-align-justify\">A Organiza\u00e7\u00e3o Mar\u00edtima Internacional (IMO) \u00e9 uma ag\u00eancia especializada da Organiza\u00e7\u00e3o das Na\u00e7\u00f5es Unidas (ONU), criada em 1948, tendo iniciado suas atividades em 1959. Sua miss\u00e3o \u00e9 desenvolver e adotar regulamentos internacionais voltados \u00e0 seguran\u00e7a, \u00e0 efici\u00eancia e \u00e0 sustentabilidade do transporte mar\u00edtimo.<\/p>\n<p class=\"text-align-justify\">O Brasil \u00e9 um dos Estados-Membros da IMO desde 1963 e mant\u00e9m, desde o ano 2000, a Representa\u00e7\u00e3o Permanente junto \u00e0 Organiza\u00e7\u00e3o, chefiada atualmente pelo Almirante de Esquadra (Reserva) Jos\u00e9 Augusto Vieira da Cunha de Menezes. A presen\u00e7a permanente da MB na IMO tem como miss\u00e3o defender os interesses nacionais, acompanhar a evolu\u00e7\u00e3o das normas internacionais e contribuir para o fortalecimento da governan\u00e7a mar\u00edtima global.<\/p>\n<h5 class=\"text-align-justify\">Preocupa\u00e7\u00e3o mundial<\/h5>\n<p class=\"text-align-justify\">De 13 a 17 de outubro, outro evento internacional chancelou a preocupa\u00e7\u00e3o mundial com aspectos t\u00e9cnicos e regulat\u00f3rios relacionados ao mar. A Secretaria Naval de Seguran\u00e7a Nuclear e de Qualidade (SecNSNQ), da Marinha, integrou a delega\u00e7\u00e3o brasileira que participou do workshop inter-regional sobre crit\u00e9rios de seguran\u00e7a para usinas nucleares transport\u00e1veis, realizado em Pequim, na China.<\/p>\n<p class=\"text-align-justify\">O evento, promovido pela Ag\u00eancia Internacional de Energia At\u00f4mica (AIEA), em parceria com a empresa China Nuclear Power Engineering (CNPE), reuniu especialistas de 22 pa\u00edses para discutir aspectos t\u00e9cnicos e regulat\u00f3rios relacionados \u00e0 seguran\u00e7a de usinas nucleares transport\u00e1veis e flutuantes.<\/p>\n<p class=\"text-align-justify\">Al\u00e9m de representarem um avan\u00e7o em termos de seguran\u00e7a e flexibilidade operacional, as novas configura\u00e7\u00f5es nucleares v\u00eam sendo debatidas no contexto da transi\u00e7\u00e3o energ\u00e9tica global, por seu potencial de oferecer gera\u00e7\u00e3o el\u00e9trica est\u00e1vel e de baixa emiss\u00e3o de carbono, em complemento \u00e0s fontes renov\u00e1veis, como a solar e a e\u00f3lica, que s\u00e3o intermitentes. Nesse cen\u00e1rio, a energia nuclear desponta como um elemento estrat\u00e9gico para a descarboniza\u00e7\u00e3o das matrizes energ\u00e9ticas, refor\u00e7ando a import\u00e2ncia de um arcabou\u00e7o regulat\u00f3rio robusto e internacionalmente harmonizado, que assegure sua ado\u00e7\u00e3o global de forma segura e sustent\u00e1vel.<\/p>\n<p>Fonte: Ag\u00eancia Marinha de Not\u00edcias<\/p>\n","protected":false},"excerpt":{"rendered":"<p>Os futuros Oficiais da Marinha do Brasil (MB), que integram a 39\u00aa Viagem de Instru\u00e7\u00e3o de Guardas-Marinha a bordo do Navio-Escola \u201cBrasil\u201d, vivenciaram a pr\u00e1tica&#8230;<\/p>\n","protected":false},"author":1527,"featured_media":61949,"comment_status":"closed","ping_status":"closed","sticky":false,"template":"","format":"standard","meta":{"footnotes":""},"categories":[6],"tags":[],"class_list":["post-61948","post","type-post","status-publish","format-standard","has-post-thumbnail","hentry","category-noticias"],"_links":{"self":[{"href":"https:\/\/www.sincomam.org.br\/index.php\/wp-json\/wp\/v2\/posts\/61948","targetHints":{"allow":["GET"]}}],"collection":[{"href":"https:\/\/www.sincomam.org.br\/index.php\/wp-json\/wp\/v2\/posts"}],"about":[{"href":"https:\/\/www.sincomam.org.br\/index.php\/wp-json\/wp\/v2\/types\/post"}],"author":[{"embeddable":true,"href":"https:\/\/www.sincomam.org.br\/index.php\/wp-json\/wp\/v2\/users\/1527"}],"replies":[{"embeddable":true,"href":"https:\/\/www.sincomam.org.br\/index.php\/wp-json\/wp\/v2\/comments?post=61948"}],"version-history":[{"count":3,"href":"https:\/\/www.sincomam.org.br\/index.php\/wp-json\/wp\/v2\/posts\/61948\/revisions"}],"predecessor-version":[{"id":61952,"href":"https:\/\/www.sincomam.org.br\/index.php\/wp-json\/wp\/v2\/posts\/61948\/revisions\/61952"}],"wp:featuredmedia":[{"embeddable":true,"href":"https:\/\/www.sincomam.org.br\/index.php\/wp-json\/wp\/v2\/media\/61949"}],"wp:attachment":[{"href":"https:\/\/www.sincomam.org.br\/index.php\/wp-json\/wp\/v2\/media?parent=61948"}],"wp:term":[{"taxonomy":"category","embeddable":true,"href":"https:\/\/www.sincomam.org.br\/index.php\/wp-json\/wp\/v2\/categories?post=61948"},{"taxonomy":"post_tag","embeddable":true,"href":"https:\/\/www.sincomam.org.br\/index.php\/wp-json\/wp\/v2\/tags?post=61948"}],"curies":[{"name":"wp","href":"https:\/\/api.w.org\/{rel}","templated":true}]}}