{"id":61933,"date":"2025-10-23T12:46:04","date_gmt":"2025-10-23T15:46:04","guid":{"rendered":"https:\/\/www.sincomam.org.br\/?p=61933"},"modified":"2025-10-23T12:46:04","modified_gmt":"2025-10-23T15:46:04","slug":"dia-maritimo-mundial-2025-a-forca-do-mar-e-a-missao-da-marinha-do-brasil","status":"publish","type":"post","link":"https:\/\/www.sincomam.org.br\/index.php\/dia-maritimo-mundial-2025-a-forca-do-mar-e-a-missao-da-marinha-do-brasil\/","title":{"rendered":"Dia Mar\u00edtimo Mundial 2025: A For\u00e7a do Mar e a Miss\u00e3o da Marinha do Brasil"},"content":{"rendered":"<p data-start=\"507\" data-end=\"963\">Em cerim\u00f4nia realizada na hist\u00f3rica\u00a0Ilha Fiscal, no\u00a0Rio de Janeiro, a\u00a0Marinha do Brasil (MB)\u00a0celebrou o\u00a0Dia Mar\u00edtimo Mundial, institu\u00eddo pela\u00a0Organiza\u00e7\u00e3o Mar\u00edtima Internacional (IMO)\u00a0em 1978. A data, tradicionalmente comemorada na \u00faltima quinta-feira de setembro, foi marcada no Brasil em\u00a017 de outubro, em homenagem aos\u00a0homens e mulheres do mar\u00a0que contribuem para o desenvolvimento econ\u00f4mico e para a\u00a0soberania nacional.<\/p>\n<p data-start=\"965\" data-end=\"1445\">Sob o tema\u00a0\u201cNosso Oceano, Nossa Obriga\u00e7\u00e3o, Nossa Oportunidade\u201d, a edi\u00e7\u00e3o de 2025 convidou \u00e0 reflex\u00e3o sobre o papel do\u00a0oceano como motor econ\u00f4mico global, fonte de recursos e pilar ambiental, destacando o compromisso do Pa\u00eds com o\u00a0uso sustent\u00e1vel e seguro do espa\u00e7o mar\u00edtimo. A Marinha, como\u00a0Autoridade Mar\u00edtima, reafirmou sua miss\u00e3o de divulgar a import\u00e2ncia estrat\u00e9gica da\u00a0Amaz\u00f4nia Azul, do\u00a0Poder Mar\u00edtimo\u00a0e da\u00a0Economia do Mar\u00a0para o futuro do\u00a0Brasil.<\/p>\n<h3 data-start=\"1452\" data-end=\"1504\"><strong data-start=\"1456\" data-end=\"1504\">A import\u00e2ncia do mar para o Brasil e o mundo<\/strong><\/h3>\n<p data-start=\"1506\" data-end=\"2002\">O oceano movimenta mais de\u00a080% do com\u00e9rcio mundial\u00a0e \u00e9 respons\u00e1vel por\u00a095% das cargas do com\u00e9rcio exterior brasileiro. No territ\u00f3rio mar\u00edtimo nacional \u2014 a\u00a0Amaz\u00f4nia Azul, que abrange cerca de\u00a05,7 milh\u00f5es de km\u00b2\u00a0\u2014 est\u00e3o\u00a097% do petr\u00f3leo\u00a0e\u00a085% do g\u00e1s natural\u00a0do Pa\u00eds. A regi\u00e3o tamb\u00e9m abriga potenciais fontes de\u00a0energia e\u00f3lica offshore\u00a0e\u00a0minerais estrat\u00e9gicos, como os da\u00a0Eleva\u00e7\u00e3o do Rio Grande, fundamentais para novas tecnologias e para a transi\u00e7\u00e3o energ\u00e9tica.<\/p>\n<p data-start=\"2004\" data-end=\"2458\">A\u00a0Economia Azul, conceito em expans\u00e3o, \u00e9 vista como essencial para o crescimento sustent\u00e1vel e para a preserva\u00e7\u00e3o dos ecossistemas marinhos. Segundo o\u00a0Vice-Almirante Carlos Andr\u00e9 Coronha Macedo, Diretor de Portos e Costas, \u201ca navega\u00e7\u00e3o sempre foi uma for\u00e7a motriz no desenvolvimento da humanidade. A capacidade de navegar permitiu descobertas geogr\u00e1ficas, facilitou o com\u00e9rcio entre continentes e possibilitou o crescimento econ\u00f4mico das na\u00e7\u00f5es\u201d.<\/p>\n<p data-start=\"2004\" data-end=\"2458\">Durante a celebra\u00e7\u00e3o, foram homenageados\u00a0aquavi\u00e1rios brasileiros\u00a0que se destacaram pela conduta e dedica\u00e7\u00e3o \u00e0 profiss\u00e3o, recebendo a\u00a0Medalha M\u00e9rito Mar\u00edtimo. O\u00a0Distintivo de Comodoro\u00a0foi concedido ao\u00a0Capit\u00e3o de Longo Curso Afonso de Almeida Corr\u00eaa, um dos comandantes mais experientes da\u00a0Marinha Mercante, em reconhecimento aos anos de servi\u00e7os prestados ao mar.<\/p>\n<p data-start=\"3317\" data-end=\"3503\">O evento na\u00a0Ilha Fiscal\u00a0foi um lembrete da necessidade de unir\u00a0crescimento econ\u00f4mico e preserva\u00e7\u00e3o ambiental, em sintonia com a meta global de\u00a0um oceano saud\u00e1vel e produtivo.<\/p>\n<h3 data-start=\"3510\" data-end=\"3590\"><strong data-start=\"3514\" data-end=\"3590\">O papel da Marinha do Brasil e o reconhecimento aos profissionais do mar<\/strong><\/h3>\n<p data-start=\"3592\" data-end=\"4136\">Como For\u00e7a Naval, a\u00a0Marinha do Brasil\u00a0\u00e9 respons\u00e1vel por\u00a0defender a soberania nacional\u00a0e\u00a0garantir a seguran\u00e7a das \u00e1guas jurisdicionais, promovendo a presen\u00e7a do Estado no mar. J\u00e1 como\u00a0Autoridade Mar\u00edtima, a institui\u00e7\u00e3o exerce fun\u00e7\u00f5es regulat\u00f3rias e educativas: coordena o\u00a0Plano de Levantamento da\u00a0Plataforma Continental\u00a0Brasileira, fiscaliza\u00a0navios, plataformas e embarca\u00e7\u00f5es, regula o\u00a0Ensino Profissional Mar\u00edtimo\u00a0\u2014 que forma cerca de\u00a020 mil profissionais por ano\u00a0\u2014 e apoia o\u00a0Planejamento Espacial Marinho.<\/p>\n<p data-start=\"3592\" data-end=\"4136\">Durante a celebra\u00e7\u00e3o, foram homenageados\u00a0aquavi\u00e1rios brasileiros\u00a0que se destacaram pela conduta e dedica\u00e7\u00e3o \u00e0 profiss\u00e3o, recebendo a\u00a0Medalha M\u00e9rito Mar\u00edtimo. O\u00a0Distintivo de Comodoro\u00a0foi concedido ao\u00a0Capit\u00e3o de Longo Curso Afonso de Almeida Corr\u00eaa, um dos comandantes mais experientes da\u00a0Marinha Mercante, em reconhecimento aos anos de servi\u00e7os prestados ao mar.<\/p>\n<p data-start=\"3592\" data-end=\"4136\">Fonte: Defesa em Foco<\/p>\n","protected":false},"excerpt":{"rendered":"<p>Em cerim\u00f4nia realizada na hist\u00f3rica\u00a0Ilha Fiscal, no\u00a0Rio de Janeiro, a\u00a0Marinha do Brasil (MB)\u00a0celebrou o\u00a0Dia Mar\u00edtimo Mundial, institu\u00eddo pela\u00a0Organiza\u00e7\u00e3o Mar\u00edtima Internacional (IMO)\u00a0em 1978. A data, tradicionalmente&#8230;<\/p>\n","protected":false},"author":1527,"featured_media":61934,"comment_status":"closed","ping_status":"closed","sticky":false,"template":"","format":"standard","meta":{"footnotes":""},"categories":[6],"tags":[],"class_list":["post-61933","post","type-post","status-publish","format-standard","has-post-thumbnail","hentry","category-noticias"],"_links":{"self":[{"href":"https:\/\/www.sincomam.org.br\/index.php\/wp-json\/wp\/v2\/posts\/61933","targetHints":{"allow":["GET"]}}],"collection":[{"href":"https:\/\/www.sincomam.org.br\/index.php\/wp-json\/wp\/v2\/posts"}],"about":[{"href":"https:\/\/www.sincomam.org.br\/index.php\/wp-json\/wp\/v2\/types\/post"}],"author":[{"embeddable":true,"href":"https:\/\/www.sincomam.org.br\/index.php\/wp-json\/wp\/v2\/users\/1527"}],"replies":[{"embeddable":true,"href":"https:\/\/www.sincomam.org.br\/index.php\/wp-json\/wp\/v2\/comments?post=61933"}],"version-history":[{"count":1,"href":"https:\/\/www.sincomam.org.br\/index.php\/wp-json\/wp\/v2\/posts\/61933\/revisions"}],"predecessor-version":[{"id":61935,"href":"https:\/\/www.sincomam.org.br\/index.php\/wp-json\/wp\/v2\/posts\/61933\/revisions\/61935"}],"wp:featuredmedia":[{"embeddable":true,"href":"https:\/\/www.sincomam.org.br\/index.php\/wp-json\/wp\/v2\/media\/61934"}],"wp:attachment":[{"href":"https:\/\/www.sincomam.org.br\/index.php\/wp-json\/wp\/v2\/media?parent=61933"}],"wp:term":[{"taxonomy":"category","embeddable":true,"href":"https:\/\/www.sincomam.org.br\/index.php\/wp-json\/wp\/v2\/categories?post=61933"},{"taxonomy":"post_tag","embeddable":true,"href":"https:\/\/www.sincomam.org.br\/index.php\/wp-json\/wp\/v2\/tags?post=61933"}],"curies":[{"name":"wp","href":"https:\/\/api.w.org\/{rel}","templated":true}]}}