{"id":61913,"date":"2025-10-22T12:57:07","date_gmt":"2025-10-22T15:57:07","guid":{"rendered":"https:\/\/www.sincomam.org.br\/?p=61913"},"modified":"2025-10-22T12:57:07","modified_gmt":"2025-10-22T15:57:07","slug":"porto-de-sao-sebastiao-sera-leiloado-ate-abril-de-2026-diz-ministro","status":"publish","type":"post","link":"https:\/\/www.sincomam.org.br\/index.php\/porto-de-sao-sebastiao-sera-leiloado-ate-abril-de-2026-diz-ministro\/","title":{"rendered":"Porto de S\u00e3o Sebasti\u00e3o ser\u00e1 leiloado at\u00e9 abril de 2026, diz ministro"},"content":{"rendered":"<p>O leil\u00e3o do Porto de S\u00e3o Sebasti\u00e3o, no litoral paulista, ser\u00e1 realizado at\u00e9 abril do pr\u00f3ximo ano, informou nesta quarta-feira (22) o ministro de Portos e Aeroportos, Silvio Costa Filho.<img decoding=\"async\" src=\"https:\/\/agenciabrasil.ebc.com.br\/ebc.png?id=1663900&amp;o=node\" \/><img decoding=\"async\" src=\"https:\/\/agenciabrasil.ebc.com.br\/ebc.gif?id=1663900&amp;o=node\" \/><\/p>\n<p>\u201cEsse pode ser um grande ramal de opera\u00e7\u00f5es portu\u00e1rias tamb\u00e9m do estado de S\u00e3o Paulo. E a nossa ideia \u00e9 que a gente fa\u00e7a esse leil\u00e3o at\u00e9 abril de 2026\u201d, disse o ministro a jornalistas, na sede da B3, a Bolsa de Valores de S\u00e3o Paulo.<\/p>\n<p>O projeto de arrendamento da \u00e1rea SSB01, do Porto de S\u00e3o Sebasti\u00e3o, destina-se \u00e0 movimenta\u00e7\u00e3o e armazenagem de gran\u00e9is s\u00f3lidos, cargas gerais e cont\u00eaineres.<\/p>\n<p>Est\u00e1\u00a0prevista\u00a0a moderniza\u00e7\u00e3o de cerca de 426 mil metros quadrados (m\u00b2) de \u00e1rea operacional, bem como a constru\u00e7\u00e3o de um novo p\u00eder de atraca\u00e7\u00e3o, a amplia\u00e7\u00e3o do p\u00e1tio, um novo sistema para carga e descarga de caminh\u00f5es e a dragagem de aprofundamento dos canais de acesso.<\/p>\n<p>Segundo o minist\u00e9rio,\u00a0<strong>esse leil\u00e3o deve gerar cerca de 5 mil empregos durante a constru\u00e7\u00e3o e mais 1,3 mil postos de trabalho permanentes durante a opera\u00e7\u00e3o<\/strong>.<\/p>\n<p>A ideia da pasta \u00e9 que a cidade de S\u00e3o Sebasti\u00e3o tenha um porto multiprop\u00f3sito.\u00a0Essa modelagem ser\u00e1 definida em uma reuni\u00e3o\u00a0nos pr\u00f3ximos dias, em Bras\u00edlia, com o governador de S\u00e3o Paulo, Tarc\u00edsio de Freitas.<\/p>\n<p>Nesta manh\u00e3,\u00a0o ministro esteve na B3 para participar de dois leil\u00f5es: o arrendamento do RDJ07, \u00e1rea localizada no Porto do Rio de Janeiro (RJ), vencida pela Petrobras; e a concess\u00e3o do Terminal Mar\u00edtimo de Passageiros (TMP), localizado no Porto de Macei\u00f3 (AL), vencida pelo cons\u00f3rcio Britto-Macelog II.<\/p>\n<p>\u00c0 tarde, o ministro deve acompanhar o leil\u00e3o de concess\u00e3o do acesso Aquavi\u00e1rio do Porto de Paranagu\u00e1 (PR). \u201cVamos fazer o leil\u00e3o [do Porto de Paranagu\u00e1], que \u00e9 o primeiro leil\u00e3o de canal de acesso da hist\u00f3ria do pa\u00eds. Esperamos investimentos de mais de R$ 1 bilh\u00e3o a partir desse leil\u00e3o\u201d, falou o ministro a jornalistas.<\/p>\n<p><strong>A expectativa do governo do presidente Luiz In\u00e1cio Lula da Silva \u00e9 de completar um total de 60 leil\u00f5es portu\u00e1rios at\u00e9 o final de seu mandato.<\/strong>\u00a0At\u00e9 o\u00a0momento, disse o ministro, j\u00e1 foram realizados 35 desses leil\u00f5es.<\/p>\n<p>\u201cEm quatro anos do nosso governo, n\u00f3s vamos fazer o equivalente a mais de 60 leil\u00f5es, entre os\u00a0quais o leil\u00e3o do Santos 10 [o terminal de cont\u00eaineres do Porto de Santos, chamado de Tecon 10], o leil\u00e3o na \u00e1rea de hidrovia, o primeiro leil\u00e3o de canal de acesso e, sobretudo, opera\u00e7\u00f5es em novas regi\u00f5es portu\u00e1rias do Brasil&#8221;, destacou. &#8220;Vamos chegar em torno de 60 a 61 leil\u00f5es, e estamos fortalecendo n\u00e3o s\u00f3 os grandes portos mas, sobretudo, tamb\u00e9m descentralizando investimentos nos portos por todo o Brasil\u201d.<\/p>\n<h2>Tecon 10<\/h2>\n<p>Segundo o ministro,\u00a0o leil\u00e3o do terminal de cont\u00eaineres do Porto de Santos (Tecon 10), no litoral paulista, deve acontecer at\u00e9 o final deste ano, embora o edital ainda n\u00e3o tenha sido publicado. O processo atualmente est\u00e1 em an\u00e1lise pelo ministro Antonio Anastasia, que \u00e9 o relator desse processo no Tribunal de Contas da Uni\u00e3o.<\/p>\n<p>\u201cNa pr\u00f3xima semana, devo fazer uma visita ao ministro Antonio Anastasia, que \u00e9 um quadro muito qualificado e que tem estudado o processo. Naturalmente, n\u00f3s temos que respeitar o tempo do Tribunal de Contas da Uni\u00e3o, mas a gente espera poder ter um cronograma de quando deve ser apresentado o relat\u00f3rio\u201d, disse o ministro. \u201cTodo o nosso esfor\u00e7o \u00e9 que ainda este ano, entre 15 de dezembro e 22 de dezembro, a gente possa fazer aqui esse leil\u00e3o do Santos 10, que \u00e9 muito estrat\u00e9gico\u201d, completou.<\/p>\n<p>Fonte: Ag\u00eancia Brasil<\/p>\n","protected":false},"excerpt":{"rendered":"<p>O leil\u00e3o do Porto de S\u00e3o Sebasti\u00e3o, no litoral paulista, ser\u00e1 realizado at\u00e9 abril do pr\u00f3ximo ano, informou nesta quarta-feira (22) o ministro de Portos&#8230;<\/p>\n","protected":false},"author":1527,"featured_media":61914,"comment_status":"closed","ping_status":"closed","sticky":false,"template":"","format":"standard","meta":{"footnotes":""},"categories":[6],"tags":[],"class_list":["post-61913","post","type-post","status-publish","format-standard","has-post-thumbnail","hentry","category-noticias"],"_links":{"self":[{"href":"https:\/\/www.sincomam.org.br\/index.php\/wp-json\/wp\/v2\/posts\/61913","targetHints":{"allow":["GET"]}}],"collection":[{"href":"https:\/\/www.sincomam.org.br\/index.php\/wp-json\/wp\/v2\/posts"}],"about":[{"href":"https:\/\/www.sincomam.org.br\/index.php\/wp-json\/wp\/v2\/types\/post"}],"author":[{"embeddable":true,"href":"https:\/\/www.sincomam.org.br\/index.php\/wp-json\/wp\/v2\/users\/1527"}],"replies":[{"embeddable":true,"href":"https:\/\/www.sincomam.org.br\/index.php\/wp-json\/wp\/v2\/comments?post=61913"}],"version-history":[{"count":1,"href":"https:\/\/www.sincomam.org.br\/index.php\/wp-json\/wp\/v2\/posts\/61913\/revisions"}],"predecessor-version":[{"id":61915,"href":"https:\/\/www.sincomam.org.br\/index.php\/wp-json\/wp\/v2\/posts\/61913\/revisions\/61915"}],"wp:featuredmedia":[{"embeddable":true,"href":"https:\/\/www.sincomam.org.br\/index.php\/wp-json\/wp\/v2\/media\/61914"}],"wp:attachment":[{"href":"https:\/\/www.sincomam.org.br\/index.php\/wp-json\/wp\/v2\/media?parent=61913"}],"wp:term":[{"taxonomy":"category","embeddable":true,"href":"https:\/\/www.sincomam.org.br\/index.php\/wp-json\/wp\/v2\/categories?post=61913"},{"taxonomy":"post_tag","embeddable":true,"href":"https:\/\/www.sincomam.org.br\/index.php\/wp-json\/wp\/v2\/tags?post=61913"}],"curies":[{"name":"wp","href":"https:\/\/api.w.org\/{rel}","templated":true}]}}