{"id":61910,"date":"2025-10-22T12:51:51","date_gmt":"2025-10-22T15:51:51","guid":{"rendered":"https:\/\/www.sincomam.org.br\/?p=61910"},"modified":"2025-10-22T12:53:34","modified_gmt":"2025-10-22T15:53:34","slug":"cultura-oceanica-uerj-debate-o-futuro-dos-oceanos-em-parceria-com-a-marinha","status":"publish","type":"post","link":"https:\/\/www.sincomam.org.br\/index.php\/cultura-oceanica-uerj-debate-o-futuro-dos-oceanos-em-parceria-com-a-marinha\/","title":{"rendered":"Cultura Oce\u00e2nica: UERJ debate o futuro dos oceanos em parceria com a Marinha"},"content":{"rendered":"<p class=\"text-align-justify\">A chamada \u201cD\u00e9cada do Oceano\u201d j\u00e1 come\u00e7ou e, at\u00e9 2030, o objetivo \u00e9 popularizar esse tema que pode definir o futuro da humanidade. Para debater as tem\u00e1ticas que envolvem o assunto, a Universidade do Estado do Rio de Janeiro (UERJ), com o apoio da Marinha do Brasil (MB), realiza a 22\u00aa Semana Nacional de Ci\u00eancia e Tecnologia (SNCT) entre os dias 20 e 24 de outubro.<\/p>\n<p class=\"text-align-justify\">A programa\u00e7\u00e3o do evento re\u00fane pesquisadores, estudantes, representantes de comunidades e institui\u00e7\u00f5es parceiras em um amplo debate sobre a rela\u00e7\u00e3o entre o ser humano e o mar. Organizada pela Faculdade de Oceanografia da Universidade do Estado do Rio de Janeiro (FAOC\/UERJ), a Semana conta com palestras, mesas-redondas, exposi\u00e7\u00f5es e apresenta\u00e7\u00f5es cient\u00edficas voltadas \u00e0 conscientiza\u00e7\u00e3o sobre a import\u00e2ncia dos oceanos para a vida cotidiana e a sustentabilidade do planeta.<\/p>\n<p class=\"text-align-justify\">Logo na abertura, nesta segunda-feira (20), o encontro entre especialistas e autoridades navais abordou essa proposta de amplia\u00e7\u00e3o do di\u00e1logo entre universidade, sociedade e institui\u00e7\u00f5es p\u00fablicas. Para o professor do Instituto Oceanogr\u00e1fico da Universidade de S\u00e3o Paulo (IO-USP) e Coordenador da C\u00e1tedra UNESCO para a Sustentabilidade do Oceano, Alexander Turra, o tema \u00e9 urgente e a Confer\u00eancia das Na\u00e7\u00f5es Unidas sobre as Mudan\u00e7as Clim\u00e1ticas (COP30) \u00e9 um exemplo disso.<\/p>\n<p class=\"text-align-justify\">\u201cEssa ser\u00e1 a COP do oceano e a \u00fanica edi\u00e7\u00e3o capaz de unir a Amaz\u00f4nia Verde \u00e0 Amaz\u00f4nia Azul\u201d. Tudo isso faz a gente ressignificar a ci\u00eancia do mar dentro do nosso pr\u00f3prio contexto e \u00e9 necess\u00e1rio ampliar essa narrativa, fazendo, por exemplo, com que esse debate saia dos muros das universidades e chegue para toda sociedade.\u201d<\/p>\n<p class=\"text-align-justify\">J\u00e1 o Subsecret\u00e1rio da Secretaria de Energia e Economia do Mar no Rio de Janeiro (SEENEMAR), Vice-Almirante (Reserva) Sergio Fernando de Amaral Chaves J\u00fanior, a nossa vida est\u00e1 diretamente influenciada pelos mares. \u201c\u00c9 muito importante que todos saibam o que significa o oceano para a nossa exist\u00eancia e tamb\u00e9m entender o impacto real das nossas a\u00e7\u00f5es, por isso, disseminar esse conhecimento contribui muito para o fortalecimento dessa cultura oce\u00e2nica.&#8221;<\/p>\n<p class=\"text-align-justify\">Na ocasi\u00e3o tamb\u00e9m foi abordada a relev\u00e2ncia do futuro Museu Mar\u00edtimo do Brasil. O projeto prev\u00ea uma estrutura moderna, incluindo uma passarela sobre o mar para a passagem dos visitantes, na regi\u00e3o central do Rio de Janeiro (RJ). Para o Diretor da Diretoria do Patrim\u00f4nio Hist\u00f3rico e Documenta\u00e7\u00e3o da Marinha (DPHDM), Vice-Almirante (Reserva) Gilberto Santos Kerr, o futuro equipamento vai funcionar como um importante propagador da cultura oce\u00e2nica junto \u00e0 sociedade.<\/p>\n<p class=\"text-align-justify\">\u201cTeremos novas possibilidades e perspectivas do \u2018olhar para o mar\u2019. Ningu\u00e9m tem d\u00favida da import\u00e2ncia dos espa\u00e7os mar\u00edtimos. Se o Brasil n\u00e3o fosse litoral, certamente caracter\u00edsticas b\u00e1sicas da nossa cultura, talvez n\u00e3o existissem j\u00e1 que tudo se conecta atrav\u00e9s dos oceanos.&#8221;<\/p>\n<p class=\"text-align-justify\">A mesa tamb\u00e9m contou com representantes da UERJ e de \u00f3rg\u00e3os p\u00fablicos, refor\u00e7ando o papel do evento como espa\u00e7o de integra\u00e7\u00e3o entre ci\u00eancia, cultura e pol\u00edticas efetivas. Para a Coordenadora de Pesquisa e Inova\u00e7\u00e3o do Instituto Nacional de Pesquisas Oce\u00e2nicas (INPO), a Bi\u00f3loga Marinha Priscila Lange, \u00e9 preciso potencializar a\u00e7\u00f5es reais.<\/p>\n<p class=\"text-align-justify\">\u2022 <strong>Quarta-feira, 22:<\/strong> Feira cient\u00edfica e cultural nas escolas com o objetivo de alcan\u00e7ar as comunidades estudantis atrav\u00e9s do conhecimento sobre a import\u00e2ncia do mar. Local: Trabalho imersivo diretamente nas comunidades escolares.<\/p>\n<p class=\"text-align-justify\">\u2022 <strong>Sexta-feira, 24:<\/strong> Encerramento com o \u201cCurr\u00edculo Azul\u201d: Debate sobre a inser\u00e7\u00e3o da tem\u00e1tica oce\u00e2nica na forma\u00e7\u00e3o de professores e tamb\u00e9m nas escolas. O debate contar\u00e1 com especialistas da UERJ, da Universidade Federal de S\u00e3o Paulo (UNIFESP), da Organiza\u00e7\u00e3o das Na\u00e7\u00f5es Unidas para a Educa\u00e7\u00e3o, a Ci\u00eancia e Cultura (UNESCO) e de secretarias municipais de educa\u00e7\u00e3o, refor\u00e7ando a import\u00e2ncia da educa\u00e7\u00e3o oce\u00e2nica como ferramenta transformadora para a sustentabilidade. Local: Audit\u00f3rio do N\u00facleo de Pesquisa e Ensino de Ci\u00eancias (NUPEC \/ S\u00e3o Gon\u00e7alo).<\/p>\n<p class=\"text-align-justify\">Al\u00e9m da programa\u00e7\u00e3o de palestras, o Hall do Bloco F da UERJ (campus Maracan\u00e3) abriga a mostra fotogr\u00e1fica \u201cOlhares da Vida para o Oceano\u201d. A exposi\u00e7\u00e3o conta, ao todo, com 20 imagens premiadas em concurso chancelado pela D\u00e9cada do Oceano.<\/p>\n<p class=\"text-align-justify\">Ao apoiar a Semana Nacional de Ci\u00eancia e Tecnologia, a MB, por meio da Diretoria do Patrim\u00f4nio Hist\u00f3rico e Documenta\u00e7\u00e3o da Marinha (DPHDM) e da Comiss\u00e3o Interministerial para os Recursos do Mar (CIRM), reafirma o compromisso com a difus\u00e3o da cultura oce\u00e2nica.<\/p>\n<h5 class=\"text-align-justify\">D\u00e9cada e Confer\u00eancia<\/h5>\n<p class=\"text-align-justify\">Iniciativa da Organiza\u00e7\u00e3o das Na\u00e7\u00f5es Unidas (ONU), a D\u00e9cada do Oceano (2021-2030) visa oceanos sustent\u00e1veis atrav\u00e9s da atua\u00e7\u00e3o conjunta de todas as partes da sociedade, sejam civis, cientistas e governos. Anfitri\u00e3o da Confer\u00eancia da D\u00e9cada do Oceano, em 2027, o Brasil vai receber o evento internacional, no Rio de Janeiro (RJ), com o objetivo de levar a cultura oce\u00e2nica para todos, do litoral ao interior, e discutir os impactos e a prote\u00e7\u00e3o do futuro dos oceanos.<\/p>\n<p class=\"text-align-justify\">Assista a programa\u00e7\u00e3o da Semana Nacional de Ci\u00eancia e Tecnologia, ao vivo, atrav\u00e9s do canal da <strong>FAOC no Youtube<\/strong>.<\/p>\n<p>Fonte: Ag\u00eancia Marinha de Not\u00edcias<\/p>\n","protected":false},"excerpt":{"rendered":"<p>A chamada \u201cD\u00e9cada do Oceano\u201d j\u00e1 come\u00e7ou e, at\u00e9 2030, o objetivo \u00e9 popularizar esse tema que pode definir o futuro da humanidade. Para debater&#8230;<\/p>\n","protected":false},"author":1527,"featured_media":61911,"comment_status":"closed","ping_status":"closed","sticky":false,"template":"","format":"standard","meta":{"footnotes":""},"categories":[6],"tags":[],"class_list":["post-61910","post","type-post","status-publish","format-standard","has-post-thumbnail","hentry","category-noticias"],"_links":{"self":[{"href":"https:\/\/www.sincomam.org.br\/index.php\/wp-json\/wp\/v2\/posts\/61910","targetHints":{"allow":["GET"]}}],"collection":[{"href":"https:\/\/www.sincomam.org.br\/index.php\/wp-json\/wp\/v2\/posts"}],"about":[{"href":"https:\/\/www.sincomam.org.br\/index.php\/wp-json\/wp\/v2\/types\/post"}],"author":[{"embeddable":true,"href":"https:\/\/www.sincomam.org.br\/index.php\/wp-json\/wp\/v2\/users\/1527"}],"replies":[{"embeddable":true,"href":"https:\/\/www.sincomam.org.br\/index.php\/wp-json\/wp\/v2\/comments?post=61910"}],"version-history":[{"count":1,"href":"https:\/\/www.sincomam.org.br\/index.php\/wp-json\/wp\/v2\/posts\/61910\/revisions"}],"predecessor-version":[{"id":61912,"href":"https:\/\/www.sincomam.org.br\/index.php\/wp-json\/wp\/v2\/posts\/61910\/revisions\/61912"}],"wp:featuredmedia":[{"embeddable":true,"href":"https:\/\/www.sincomam.org.br\/index.php\/wp-json\/wp\/v2\/media\/61911"}],"wp:attachment":[{"href":"https:\/\/www.sincomam.org.br\/index.php\/wp-json\/wp\/v2\/media?parent=61910"}],"wp:term":[{"taxonomy":"category","embeddable":true,"href":"https:\/\/www.sincomam.org.br\/index.php\/wp-json\/wp\/v2\/categories?post=61910"},{"taxonomy":"post_tag","embeddable":true,"href":"https:\/\/www.sincomam.org.br\/index.php\/wp-json\/wp\/v2\/tags?post=61910"}],"curies":[{"name":"wp","href":"https:\/\/api.w.org\/{rel}","templated":true}]}}