{"id":61907,"date":"2025-10-22T12:49:03","date_gmt":"2025-10-22T15:49:03","guid":{"rendered":"https:\/\/www.sincomam.org.br\/?p=61907"},"modified":"2025-10-22T12:49:03","modified_gmt":"2025-10-22T15:49:03","slug":"marinha-inicia-obras-da-nova-sede-do-grupamento-naval-no-porto-de-santos","status":"publish","type":"post","link":"https:\/\/www.sincomam.org.br\/index.php\/marinha-inicia-obras-da-nova-sede-do-grupamento-naval-no-porto-de-santos\/","title":{"rendered":"Marinha inicia obras da nova sede do Grupamento Naval no Porto de Santos"},"content":{"rendered":"<p>A Marinha do Brasil deu in\u00edcio, no dia 15 de outubro, \u00e0s obras da nova sede do Comando do Grupamento de Patrulha Naval do Sul-Sudeste, localizada no Porto de Santos (SP). A constru\u00e7\u00e3o representa um avan\u00e7o estrat\u00e9gico na seguran\u00e7a mar\u00edtima, com foco na prote\u00e7\u00e3o do meio ambiente, na preven\u00e7\u00e3o de il\u00edcitos e no fortalecimento da presen\u00e7a naval no litoral paulista.<\/p>\n<p><strong>Avan\u00e7o tecnol\u00f3gico e infraestrutura moderna da nova sede<\/strong><br \/>\nO novo Comando do Grupamento de Patrulha Naval do Sul-Sudeste surge como um marco na moderniza\u00e7\u00e3o da infraestrutura de Defesa Mar\u00edtima brasileira. Com previs\u00e3o de conclus\u00e3o em maio de 2026, o projeto prev\u00ea instala\u00e7\u00f5es equipadas com tecnologia de \u00faltima gera\u00e7\u00e3o, projetadas para otimizar as opera\u00e7\u00f5es de patrulha e monitoramento no litoral do Sul e Sudeste do Brasil.<\/p>\n<p>Um dos grandes destaques ser\u00e1 a integra\u00e7\u00e3o com o Sistema de Gerenciamento de Tr\u00e1fego de Embarca\u00e7\u00f5es (VTMIS) \u2014 ferramenta de alta precis\u00e3o que combina radares mar\u00edtimos, c\u00e2meras de longo alcance, esta\u00e7\u00f5es meteorol\u00f3gicas e comunica\u00e7\u00f5es integradas. O sistema permitir\u00e1 o acompanhamento em tempo real de embarca\u00e7\u00f5es na regi\u00e3o do Porto de Santos, aumentando a capacidade de resposta da Marinha em situa\u00e7\u00f5es de risco, acidentes e a\u00e7\u00f5es il\u00edcitas.<\/p>\n<p>Al\u00e9m da sala de opera\u00e7\u00f5es interag\u00eancias, o complexo contar\u00e1 com \u00e1reas administrativas, alojamentos e centros de treinamento, refletindo o compromisso da For\u00e7a Naval com o aprimoramento constante de suas capacidades t\u00e9cnicas e humanas. A infraestrutura foi concebida para garantir efici\u00eancia energ\u00e9tica, sustentabilidade ambiental e resili\u00eancia operacional \u2014 atributos indispens\u00e1veis a uma institui\u00e7\u00e3o que atua 24 horas por dia na defesa dos mares brasileiros.<\/p>\n<p><strong>Impacto regional e coopera\u00e7\u00e3o com o Porto de Santos<\/strong><br \/>\nA constru\u00e7\u00e3o da nova sede tamb\u00e9m fortalece a parceria entre a Marinha do Brasil e a Autoridade Portu\u00e1ria de Santos (APS). A sinergia institucional resultou em um Acordo de Coopera\u00e7\u00e3o T\u00e9cnica, assinado em junho, que viabilizou a instala\u00e7\u00e3o do VTMIS na Ilha da Moela, em Guaruj\u00e1. O sistema amplia a capacidade de vigil\u00e2ncia portu\u00e1ria, oferecendo dados integrados para as autoridades civis e militares envolvidas nas opera\u00e7\u00f5es mar\u00edtimas.<\/p>\n<p>Do ponto de vista socioecon\u00f4mico, as obras representam gera\u00e7\u00e3o de empregos diretos e indiretos e o fortalecimento do setor naval regional. O projeto impulsiona a economia local e refor\u00e7a a presen\u00e7a estatal em uma \u00e1rea considerada estrat\u00e9gica para o com\u00e9rcio exterior e para o controle ambiental. A expectativa \u00e9 que o empreendimento contribua para uma gest\u00e3o portu\u00e1ria mais segura, sustent\u00e1vel e eficiente, com reflexos positivos para o desenvolvimento da Baixada Santista.<\/p>\n<p>Al\u00e9m disso, a nova sede permitir\u00e1 uma maior integra\u00e7\u00e3o com \u00f3rg\u00e3os ambientais, policiais e alfandeg\u00e1rios, ampliando a efic\u00e1cia das a\u00e7\u00f5es conjuntas no combate a tr\u00e1fico de drogas, contrabando e pesca ilegal \u2014 desafios constantes enfrentados no litoral brasileiro.<\/p>\n<p><strong>Fortalecimento da soberania e do poder mar\u00edtimo nacional<\/strong><br \/>\nA obra no Porto de Santos \u00e9 mais do que uma realiza\u00e7\u00e3o de engenharia: representa um passo estrat\u00e9gico no fortalecimento da soberania mar\u00edtima e da presen\u00e7a operacional da Marinha do Brasil. Situado em um dos pontos mais importantes da log\u00edstica nacional, o novo comando servir\u00e1 como um elo entre as opera\u00e7\u00f5es navais de patrulha, o monitoramento ambiental e a coordena\u00e7\u00e3o interag\u00eancias.<\/p>\n<p>Com a consolida\u00e7\u00e3o do Comando do Grupamento de Patrulha Naval do Sul-Sudeste, a Marinha refor\u00e7a seu papel constitucional de garantir a seguran\u00e7a do tr\u00e1fego aquavi\u00e1rio e a salvaguarda da vida humana no mar. O investimento, viabilizado com apoio de uma Emenda Parlamentar da Bancada Paulista, evidencia o compromisso do Estado brasileiro em proteger suas rotas comerciais e assegurar o uso sustent\u00e1vel dos recursos mar\u00edtimos.<\/p>\n<p>Em um cen\u00e1rio global de crescente aten\u00e7\u00e3o \u00e0 seguran\u00e7a das rotas mar\u00edtimas e \u00e0 prote\u00e7\u00e3o ambiental, o fortalecimento da infraestrutura naval brasileira reafirma a import\u00e2ncia do Poder Mar\u00edtimo Nacional como pilar essencial da Defesa e da proje\u00e7\u00e3o estrat\u00e9gica do Brasil no Atl\u00e2ntico Sul.<\/p>\n<p>Fonte: Defesa em Foco<\/p>\n","protected":false},"excerpt":{"rendered":"<p>A Marinha do Brasil deu in\u00edcio, no dia 15 de outubro, \u00e0s obras da nova sede do Comando do Grupamento de Patrulha Naval do Sul-Sudeste,&#8230;<\/p>\n","protected":false},"author":1527,"featured_media":61908,"comment_status":"closed","ping_status":"closed","sticky":false,"template":"","format":"standard","meta":{"footnotes":""},"categories":[6],"tags":[],"class_list":["post-61907","post","type-post","status-publish","format-standard","has-post-thumbnail","hentry","category-noticias"],"_links":{"self":[{"href":"https:\/\/www.sincomam.org.br\/index.php\/wp-json\/wp\/v2\/posts\/61907","targetHints":{"allow":["GET"]}}],"collection":[{"href":"https:\/\/www.sincomam.org.br\/index.php\/wp-json\/wp\/v2\/posts"}],"about":[{"href":"https:\/\/www.sincomam.org.br\/index.php\/wp-json\/wp\/v2\/types\/post"}],"author":[{"embeddable":true,"href":"https:\/\/www.sincomam.org.br\/index.php\/wp-json\/wp\/v2\/users\/1527"}],"replies":[{"embeddable":true,"href":"https:\/\/www.sincomam.org.br\/index.php\/wp-json\/wp\/v2\/comments?post=61907"}],"version-history":[{"count":1,"href":"https:\/\/www.sincomam.org.br\/index.php\/wp-json\/wp\/v2\/posts\/61907\/revisions"}],"predecessor-version":[{"id":61909,"href":"https:\/\/www.sincomam.org.br\/index.php\/wp-json\/wp\/v2\/posts\/61907\/revisions\/61909"}],"wp:featuredmedia":[{"embeddable":true,"href":"https:\/\/www.sincomam.org.br\/index.php\/wp-json\/wp\/v2\/media\/61908"}],"wp:attachment":[{"href":"https:\/\/www.sincomam.org.br\/index.php\/wp-json\/wp\/v2\/media?parent=61907"}],"wp:term":[{"taxonomy":"category","embeddable":true,"href":"https:\/\/www.sincomam.org.br\/index.php\/wp-json\/wp\/v2\/categories?post=61907"},{"taxonomy":"post_tag","embeddable":true,"href":"https:\/\/www.sincomam.org.br\/index.php\/wp-json\/wp\/v2\/tags?post=61907"}],"curies":[{"name":"wp","href":"https:\/\/api.w.org\/{rel}","templated":true}]}}