{"id":61895,"date":"2025-10-22T12:06:40","date_gmt":"2025-10-22T15:06:40","guid":{"rendered":"https:\/\/www.sincomam.org.br\/?p=61895"},"modified":"2025-10-22T12:06:40","modified_gmt":"2025-10-22T15:06:40","slug":"governo-preve-leilao-de-area-do-porto-de-sao-sebastiao-em-marco-de-2026","status":"publish","type":"post","link":"https:\/\/www.sincomam.org.br\/index.php\/governo-preve-leilao-de-area-do-porto-de-sao-sebastiao-em-marco-de-2026\/","title":{"rendered":"Governo prev\u00ea leil\u00e3o de \u00e1rea do Porto de S\u00e3o Sebasti\u00e3o em mar\u00e7o de 2026"},"content":{"rendered":"<p>O Minist\u00e9rio de Portos e Aeroportos (MPor) anunciou, nesta ter\u00e7a-feira (21), que a da \u00e1rea &#8216;SSB01&#8217; do Porto de S\u00e3o Sebasti\u00e3o, em S\u00e3o Paulo, ser\u00e1 arrendada e que o leil\u00e3o para a concess\u00e3o est\u00e1 previsto para mar\u00e7o de 2026. O projeto de arrendamento, que ter\u00e1 prazo contratual de 35 anos, destina-se \u00e0 movimenta\u00e7\u00e3o e armazenagem de gran\u00e9is s\u00f3lidos, cargas gerais e cont\u00eaineres e prev\u00ea investimento de R$ 12 milh\u00f5es em medidas de compensa\u00e7\u00e3o ambiental e sociais.<\/p>\n<p>O plano de investimentos contempla a moderniza\u00e7\u00e3o de cerca de 426.000 metros quadrados (m\u00b2) de \u00e1rea operacional, a constru\u00e7\u00e3o de um novo p\u00eder de atraca\u00e7\u00e3o, a amplia\u00e7\u00e3o do p\u00e1tio, um novo sistema para carga e descarga de caminh\u00f5es e a dragagem de aprofundamento dos canais de acesso. Segundo a pasta, h\u00e1 expectativa de gera\u00e7\u00e3o de aproximadamente 5.00 empregos durante a constru\u00e7\u00e3o e mais 1,3 mil postos de trabalho permanentes durante a opera\u00e7\u00e3o.<\/p>\n<p>O ministro de portos e aeroportos, Silvio Costa Filho, que visitou o porto, disse que o terminal deve crescer ap\u00f3s a concess\u00e3o e que ele tem potencial estrat\u00e9gico para o desenvolvimento do estado de S\u00e3o Paulo, do Brasil e da Am\u00e9rica do Sul. J\u00e1 o prefeito de S\u00e3o Sebasti\u00e3o, Reinaldo Alves, classificou o projeto como ben\u00e9fico para toda a regi\u00e3o e lembrou que o porto abastece todo o Vale do Para\u00edba. <\/p>\n<p>Fonte: Portos e Navios<\/p>\n","protected":false},"excerpt":{"rendered":"<p>O Minist\u00e9rio de Portos e Aeroportos (MPor) anunciou, nesta ter\u00e7a-feira (21), que a da \u00e1rea &#8216;SSB01&#8217; do Porto de S\u00e3o Sebasti\u00e3o, em S\u00e3o Paulo, ser\u00e1&#8230;<\/p>\n","protected":false},"author":1527,"featured_media":61896,"comment_status":"closed","ping_status":"closed","sticky":false,"template":"","format":"standard","meta":{"footnotes":""},"categories":[6],"tags":[],"class_list":["post-61895","post","type-post","status-publish","format-standard","has-post-thumbnail","hentry","category-noticias"],"_links":{"self":[{"href":"https:\/\/www.sincomam.org.br\/index.php\/wp-json\/wp\/v2\/posts\/61895","targetHints":{"allow":["GET"]}}],"collection":[{"href":"https:\/\/www.sincomam.org.br\/index.php\/wp-json\/wp\/v2\/posts"}],"about":[{"href":"https:\/\/www.sincomam.org.br\/index.php\/wp-json\/wp\/v2\/types\/post"}],"author":[{"embeddable":true,"href":"https:\/\/www.sincomam.org.br\/index.php\/wp-json\/wp\/v2\/users\/1527"}],"replies":[{"embeddable":true,"href":"https:\/\/www.sincomam.org.br\/index.php\/wp-json\/wp\/v2\/comments?post=61895"}],"version-history":[{"count":1,"href":"https:\/\/www.sincomam.org.br\/index.php\/wp-json\/wp\/v2\/posts\/61895\/revisions"}],"predecessor-version":[{"id":61897,"href":"https:\/\/www.sincomam.org.br\/index.php\/wp-json\/wp\/v2\/posts\/61895\/revisions\/61897"}],"wp:featuredmedia":[{"embeddable":true,"href":"https:\/\/www.sincomam.org.br\/index.php\/wp-json\/wp\/v2\/media\/61896"}],"wp:attachment":[{"href":"https:\/\/www.sincomam.org.br\/index.php\/wp-json\/wp\/v2\/media?parent=61895"}],"wp:term":[{"taxonomy":"category","embeddable":true,"href":"https:\/\/www.sincomam.org.br\/index.php\/wp-json\/wp\/v2\/categories?post=61895"},{"taxonomy":"post_tag","embeddable":true,"href":"https:\/\/www.sincomam.org.br\/index.php\/wp-json\/wp\/v2\/tags?post=61895"}],"curies":[{"name":"wp","href":"https:\/\/api.w.org\/{rel}","templated":true}]}}