{"id":61889,"date":"2025-10-21T10:23:13","date_gmt":"2025-10-21T13:23:13","guid":{"rendered":"https:\/\/www.sincomam.org.br\/?p=61889"},"modified":"2025-10-21T10:23:13","modified_gmt":"2025-10-21T13:23:13","slug":"marinha-do-brasil-promove-palestra-sobre-geopolitica-e-conflitos-mundiais-em-salvador","status":"publish","type":"post","link":"https:\/\/www.sincomam.org.br\/index.php\/marinha-do-brasil-promove-palestra-sobre-geopolitica-e-conflitos-mundiais-em-salvador\/","title":{"rendered":"Marinha do Brasil promove palestra sobre geopol\u00edtica e conflitos mundiais em Salvador"},"content":{"rendered":"<p data-start=\"400\" data-end=\"972\">A\u00a0Marinha do Brasil\u00a0promoveu, em\u00a0Salvador (BA), a palestra\u00a0\u201cPrincipais crises e conflitos globais\u201d, ministrada pelo\u00a0Capit\u00e3o de Mar e Guerra (RM1) Leonardo Mattos, uma das maiores autoridades nacionais em\u00a0geopol\u00edtica e seguran\u00e7a internacional. O evento, realizado no\u00a0Comando do 2\u00ba Distrito Naval, contou com o apoio da\u00a0SOAMAR Salvador, da\u00a0Associa\u00e7\u00e3o N\u00e1utica da Bahia\u00a0e da\u00a0Irmandade do Nosso Senhor do Bonfim, reunindo militares, autoridades civis e acad\u00eamicos em um debate sobre os\u00a0principais desafios estrat\u00e9gicos do cen\u00e1rio global.<\/p>\n<h3 data-start=\"979\" data-end=\"1049\"><strong data-start=\"983\" data-end=\"1049\">A palestra e os principais temas abordados por Leonardo Mattos<\/strong><\/h3>\n<p data-start=\"1051\" data-end=\"1533\">Durante sua apresenta\u00e7\u00e3o, o\u00a0Capit\u00e3o Leonardo Mattos\u00a0analisou as\u00a0crises internacionais mais relevantes da atualidade, como os conflitos na\u00a0Europa Oriental, as tens\u00f5es no\u00a0Oriente M\u00e9dio, as disputas territoriais no\u00a0Indo-Pac\u00edfico\u00a0e o crescente papel da\u00a0China e dos Estados Unidos\u00a0na redefini\u00e7\u00e3o da ordem mundial. O palestrante ressaltou que compreender a din\u00e2mica dessas crises \u00e9 essencial para o\u00a0planejamento estrat\u00e9gico e a seguran\u00e7a nacional brasileira.<\/p>\n<p data-start=\"1535\" data-end=\"1663\">Em suas palavras, Comandante Leonardo Mattos alertou para a necessidade de\u00a0acompanhar de perto os desdobramentos da\u00a0geopol\u00edtica\u00a0internacional:<\/p>\n<blockquote data-start=\"1664\" data-end=\"1961\">\n<p data-start=\"1666\" data-end=\"1961\">\u201cPara n\u00f3s, militares, isso faz parte do cotidiano. Mas n\u00e3o apenas para os militares \u2014 todos os brasileiros devem estar atentos ao que ocorre no mundo, compreender as crises, para que n\u00e3o sejamos surpreendidos quando os conflitos, que hoje parecem distantes, se aproximarem de nossa realidade.\u201d<\/p>\n<\/blockquote>\n<p data-start=\"1963\" data-end=\"2187\">O encontro buscou despertar uma\u00a0vis\u00e3o cr\u00edtica e estrat\u00e9gica\u00a0sobre o mundo contempor\u00e2neo, aproximando o p\u00fablico civil do pensamento de Defesa e ampliando o debate sobre o papel do\u00a0Brasil\u00a0diante das transforma\u00e7\u00f5es globais.<\/p>\n<p data-start=\"2271\" data-end=\"2535\">A palestra integrou o programa de\u00a0forma\u00e7\u00e3o continuada e atualiza\u00e7\u00e3o de conhecimentos estrat\u00e9gicos\u00a0do\u00a0Comando do 2\u00ba Distrito Naval, voltado ao desenvolvimento do\u00a0pensamento cr\u00edtico e da consci\u00eancia geopol\u00edtica\u00a0entre os militares da ativa e da reserva.<\/p>\n<p data-start=\"2537\" data-end=\"2838\">Segundo o\u00a0Vice-Almirante Gustavo Calero Garriga Pires, Comandante do 2\u00ba Distrito Naval, \u201ca ocasi\u00e3o representou uma oportunidade valiosa de ampliar a compreens\u00e3o sobre o mundo atual e de evidenciar \u00e0 Fam\u00edlia Naval e \u00e0 sociedade soteropolitana o papel da Marinha frente aos grandes temas globais.\u201d<\/p>\n<p data-start=\"2840\" data-end=\"3145\">Eventos como esse fortalecem o papel da Marinha como\u00a0centro de difus\u00e3o de conhecimento estrat\u00e9gico, alinhando o preparo intelectual de seus quadros \u00e0 complexidade dos desafios contempor\u00e2neos, que envolvem n\u00e3o apenas o poder militar, mas tamb\u00e9m\u00a0quest\u00f5es diplom\u00e1ticas, tecnol\u00f3gicas e informacionais.<\/p>\n<h3 data-start=\"3152\" data-end=\"3237\"><strong data-start=\"3156\" data-end=\"3237\">Leonardo Mattos: refer\u00eancia nacional em geopol\u00edtica e seguran\u00e7a internacional<\/strong><\/h3>\n<p data-start=\"3239\" data-end=\"3604\">Atualmente respons\u00e1vel pelo\u00a0Setor de Geopol\u00edtica da\u00a0Escola de Guerra Naval\u00a0(EGN), o\u00a0Capit\u00e3o de Mar e Guerra (RM1) Leonardo Mattos\u00a0coordena o\u00a0N\u00facleo de Avalia\u00e7\u00e3o da Conjuntura, ministra aulas em cursos de p\u00f3s-gradua\u00e7\u00e3o e \u00e9\u00a0Editor-Respons\u00e1vel do Boletim Geocorrente, uma das principais publica\u00e7\u00f5es de an\u00e1lise estrat\u00e9gica da conjuntura internacional.<\/p>\n<p data-start=\"3606\" data-end=\"4090\">Al\u00e9m de seu papel acad\u00eamico, Mattos \u00e9 amplamente reconhecido pelo p\u00fablico por suas contribui\u00e7\u00f5es no\u00a0Canal \u201cConex\u00e3o Geo\u201d, dispon\u00edvel no YouTube, Instagram e demais plataformas, onde analisa semanalmente\u00a0temas de geopol\u00edtica global\u00a0com linguagem acess\u00edvel e rigor t\u00e9cnico. Sua presen\u00e7a em Salvador refor\u00e7ou o compromisso da\u00a0Marinha do Brasil\u00a0com a\u00a0difus\u00e3o do pensamento estrat\u00e9gico\u00a0e com a\u00a0forma\u00e7\u00e3o de l\u00edderes conscientes do papel do pa\u00eds no cen\u00e1rio internacional.<\/p>\n<p data-start=\"4092\" data-end=\"4408\">No dia seguinte \u00e0 palestra principal, o oficial ministrou ainda uma segunda exposi\u00e7\u00e3o sobre\u00a0Geopol\u00edtica Polar, voltada aos alunos de Rela\u00e7\u00f5es Internacionais do\u00a0Centro Universit\u00e1rio Jorge Amado (Unijorge), abordando as novas disputas estrat\u00e9gicas nas regi\u00f5es polares e seus reflexos sobre o equil\u00edbrio global.<\/p>\n<p data-start=\"4092\" data-end=\"4408\">Fonte: Defesa em Foco<\/p>\n","protected":false},"excerpt":{"rendered":"<p>A\u00a0Marinha do Brasil\u00a0promoveu, em\u00a0Salvador (BA), a palestra\u00a0\u201cPrincipais crises e conflitos globais\u201d, ministrada pelo\u00a0Capit\u00e3o de Mar e Guerra (RM1) Leonardo Mattos, uma das maiores autoridades nacionais&#8230;<\/p>\n","protected":false},"author":1527,"featured_media":61890,"comment_status":"closed","ping_status":"closed","sticky":false,"template":"","format":"standard","meta":{"footnotes":""},"categories":[6],"tags":[],"class_list":["post-61889","post","type-post","status-publish","format-standard","has-post-thumbnail","hentry","category-noticias"],"_links":{"self":[{"href":"https:\/\/www.sincomam.org.br\/index.php\/wp-json\/wp\/v2\/posts\/61889","targetHints":{"allow":["GET"]}}],"collection":[{"href":"https:\/\/www.sincomam.org.br\/index.php\/wp-json\/wp\/v2\/posts"}],"about":[{"href":"https:\/\/www.sincomam.org.br\/index.php\/wp-json\/wp\/v2\/types\/post"}],"author":[{"embeddable":true,"href":"https:\/\/www.sincomam.org.br\/index.php\/wp-json\/wp\/v2\/users\/1527"}],"replies":[{"embeddable":true,"href":"https:\/\/www.sincomam.org.br\/index.php\/wp-json\/wp\/v2\/comments?post=61889"}],"version-history":[{"count":1,"href":"https:\/\/www.sincomam.org.br\/index.php\/wp-json\/wp\/v2\/posts\/61889\/revisions"}],"predecessor-version":[{"id":61891,"href":"https:\/\/www.sincomam.org.br\/index.php\/wp-json\/wp\/v2\/posts\/61889\/revisions\/61891"}],"wp:featuredmedia":[{"embeddable":true,"href":"https:\/\/www.sincomam.org.br\/index.php\/wp-json\/wp\/v2\/media\/61890"}],"wp:attachment":[{"href":"https:\/\/www.sincomam.org.br\/index.php\/wp-json\/wp\/v2\/media?parent=61889"}],"wp:term":[{"taxonomy":"category","embeddable":true,"href":"https:\/\/www.sincomam.org.br\/index.php\/wp-json\/wp\/v2\/categories?post=61889"},{"taxonomy":"post_tag","embeddable":true,"href":"https:\/\/www.sincomam.org.br\/index.php\/wp-json\/wp\/v2\/tags?post=61889"}],"curies":[{"name":"wp","href":"https:\/\/api.w.org\/{rel}","templated":true}]}}