{"id":61867,"date":"2025-10-20T06:00:31","date_gmt":"2025-10-20T09:00:31","guid":{"rendered":"https:\/\/www.sincomam.org.br\/?p=61867"},"modified":"2025-10-18T19:28:54","modified_gmt":"2025-10-18T22:28:54","slug":"porto-de-itaguai-passara-por-dragagem-emergencial","status":"publish","type":"post","link":"https:\/\/www.sincomam.org.br\/index.php\/porto-de-itaguai-passara-por-dragagem-emergencial\/","title":{"rendered":"Porto de Itagua\u00ed passar\u00e1 por dragagem emergencial"},"content":{"rendered":"<p>O diretor-presidente da PortosRio, empresa que administra os portos p\u00fablicos do estado do Rio de Janeiro, Flavio Vieira, anunciou que ser\u00e1 feita ainda em 2025 uma dragagem emergencial do canal de acesso ao Porto de Itagua\u00ed. O objetivo \u00e9 restabelecer as condi\u00e7\u00f5es de navegabilidade e eliminar restri\u00e7\u00f5es a embarca\u00e7\u00f5es de grande porte.<\/p>\n<p>Segundo Vieira, a decis\u00e3o foi tomada porque a praticagem identificou pontos de assoreamento que comprometem a seguran\u00e7a da navega\u00e7\u00e3o e que limitam a entrada de navios de grande porte ao per\u00edodo de mar\u00e9 cheia. \u201cDecidimos agir imediatamente e realizar a dragagem dos pontos cr\u00edticos. Essa a\u00e7\u00e3o vai restabelecer a navegabilidade plena e garantir que as opera\u00e7\u00f5es ocorram durante todo o dia\u201d, disse.<\/p>\n<p>Ele explicou que o servi\u00e7o emergencial ser\u00e1 realizado como parte do plano de investimentos para o Porto de Itagua\u00ed, que prev\u00ea a dragagem completa do canal. O an\u00fancio do presidente da PortosRio foi feito durante o II F\u00f3rum de Acessibilidade Mar\u00edtima da Ba\u00eda de Sepetiba, promovido pelo Sindicato dos Operadores Portu\u00e1rios do Porto de Itagua\u00ed (Sindopita) em Mangaratiba. O evento, parte das comemora\u00e7\u00f5es dos 25 anos da entidade, discutiu desafios e projetos para a regi\u00e3o.<\/p>\n<p>Fonte: Portos e Navios<\/p>\n","protected":false},"excerpt":{"rendered":"<p>O diretor-presidente da PortosRio, empresa que administra os portos p\u00fablicos do estado do Rio de Janeiro, Flavio Vieira, anunciou que ser\u00e1 feita ainda em 2025&#8230;<\/p>\n","protected":false},"author":1527,"featured_media":61869,"comment_status":"closed","ping_status":"closed","sticky":false,"template":"","format":"standard","meta":{"footnotes":""},"categories":[6],"tags":[],"class_list":["post-61867","post","type-post","status-publish","format-standard","has-post-thumbnail","hentry","category-noticias"],"_links":{"self":[{"href":"https:\/\/www.sincomam.org.br\/index.php\/wp-json\/wp\/v2\/posts\/61867","targetHints":{"allow":["GET"]}}],"collection":[{"href":"https:\/\/www.sincomam.org.br\/index.php\/wp-json\/wp\/v2\/posts"}],"about":[{"href":"https:\/\/www.sincomam.org.br\/index.php\/wp-json\/wp\/v2\/types\/post"}],"author":[{"embeddable":true,"href":"https:\/\/www.sincomam.org.br\/index.php\/wp-json\/wp\/v2\/users\/1527"}],"replies":[{"embeddable":true,"href":"https:\/\/www.sincomam.org.br\/index.php\/wp-json\/wp\/v2\/comments?post=61867"}],"version-history":[{"count":1,"href":"https:\/\/www.sincomam.org.br\/index.php\/wp-json\/wp\/v2\/posts\/61867\/revisions"}],"predecessor-version":[{"id":61870,"href":"https:\/\/www.sincomam.org.br\/index.php\/wp-json\/wp\/v2\/posts\/61867\/revisions\/61870"}],"wp:featuredmedia":[{"embeddable":true,"href":"https:\/\/www.sincomam.org.br\/index.php\/wp-json\/wp\/v2\/media\/61869"}],"wp:attachment":[{"href":"https:\/\/www.sincomam.org.br\/index.php\/wp-json\/wp\/v2\/media?parent=61867"}],"wp:term":[{"taxonomy":"category","embeddable":true,"href":"https:\/\/www.sincomam.org.br\/index.php\/wp-json\/wp\/v2\/categories?post=61867"},{"taxonomy":"post_tag","embeddable":true,"href":"https:\/\/www.sincomam.org.br\/index.php\/wp-json\/wp\/v2\/tags?post=61867"}],"curies":[{"name":"wp","href":"https:\/\/api.w.org\/{rel}","templated":true}]}}