{"id":61864,"date":"2025-10-20T06:00:06","date_gmt":"2025-10-20T09:00:06","guid":{"rendered":"https:\/\/www.sincomam.org.br\/?p=61864"},"modified":"2025-10-18T19:21:13","modified_gmt":"2025-10-18T22:21:13","slug":"movimentacao-do-porto-de-sao-francisco-cresce-em-setembro-e-no-acumulado-do-ano","status":"publish","type":"post","link":"https:\/\/www.sincomam.org.br\/index.php\/movimentacao-do-porto-de-sao-francisco-cresce-em-setembro-e-no-acumulado-do-ano\/","title":{"rendered":"Movimenta\u00e7\u00e3o do Porto de S\u00e3o Francisco cresce em setembro e no acumulado do ano"},"content":{"rendered":"<p>A administra\u00e7\u00e3o do Porto de S\u00e3o Francisco do Sul, em Santa Catarina, anunciou nesta sexta-feira (17) que o terminal catarinense registrou em setembro aumento de 3,3% na movimenta\u00e7\u00e3o de cargas, com 1,53 milh\u00e3o de toneladas, contra as 1,48 milh\u00e3o de toneladas do mesmo m\u00eas de 2024. Segundo a autoridade portu\u00e1ria, houve aumento tamb\u00e9m no acumulado de janeiro a setembro de 2025, com 13,5 milh\u00f5es de toneladas, 5% a mais que nos nove primeiros meses do ano passado, quando o total foi de 12,9 milh\u00f5es de toneladas.<\/p>\n<p>Em setembro de 2025, as cargas de exporta\u00e7\u00e3o que passaram por S\u00e3o Francisco do Sul somaram 824,7 mil toneladas, sendo 543 mil toneladas de soja e 271 mil toneladas de milho. J\u00e1 as de importa\u00e7\u00e3o no m\u00eas atingiram 708 mil toneladas, com 318 mil toneladas de fertilizantes e 369 mil toneladas de bobinas de a\u00e7o.<\/p>\n<p>O secret\u00e1rio estadual de Portos, Aeroportos e Ferrovias (Spaf) de Santa Catarina, Beto Martins, disse que os n\u00fameros positivos se devem \u00e0 adequa\u00e7\u00e3o do porto para atender \u00e0s demandas e exig\u00eancias do mercado. \u201cO resultado confirma a import\u00e2ncia para o mercado internacional catarinense e brasileiro\u201d, afirmou.<\/p>\n<p>Fonte: Portos e Navios<\/p>\n","protected":false},"excerpt":{"rendered":"<p>A administra\u00e7\u00e3o do Porto de S\u00e3o Francisco do Sul, em Santa Catarina, anunciou nesta sexta-feira (17) que o terminal catarinense registrou em setembro aumento de&#8230;<\/p>\n","protected":false},"author":1527,"featured_media":61865,"comment_status":"closed","ping_status":"closed","sticky":false,"template":"","format":"standard","meta":{"footnotes":""},"categories":[6],"tags":[],"class_list":["post-61864","post","type-post","status-publish","format-standard","has-post-thumbnail","hentry","category-noticias"],"_links":{"self":[{"href":"https:\/\/www.sincomam.org.br\/index.php\/wp-json\/wp\/v2\/posts\/61864","targetHints":{"allow":["GET"]}}],"collection":[{"href":"https:\/\/www.sincomam.org.br\/index.php\/wp-json\/wp\/v2\/posts"}],"about":[{"href":"https:\/\/www.sincomam.org.br\/index.php\/wp-json\/wp\/v2\/types\/post"}],"author":[{"embeddable":true,"href":"https:\/\/www.sincomam.org.br\/index.php\/wp-json\/wp\/v2\/users\/1527"}],"replies":[{"embeddable":true,"href":"https:\/\/www.sincomam.org.br\/index.php\/wp-json\/wp\/v2\/comments?post=61864"}],"version-history":[{"count":1,"href":"https:\/\/www.sincomam.org.br\/index.php\/wp-json\/wp\/v2\/posts\/61864\/revisions"}],"predecessor-version":[{"id":61866,"href":"https:\/\/www.sincomam.org.br\/index.php\/wp-json\/wp\/v2\/posts\/61864\/revisions\/61866"}],"wp:featuredmedia":[{"embeddable":true,"href":"https:\/\/www.sincomam.org.br\/index.php\/wp-json\/wp\/v2\/media\/61865"}],"wp:attachment":[{"href":"https:\/\/www.sincomam.org.br\/index.php\/wp-json\/wp\/v2\/media?parent=61864"}],"wp:term":[{"taxonomy":"category","embeddable":true,"href":"https:\/\/www.sincomam.org.br\/index.php\/wp-json\/wp\/v2\/categories?post=61864"},{"taxonomy":"post_tag","embeddable":true,"href":"https:\/\/www.sincomam.org.br\/index.php\/wp-json\/wp\/v2\/tags?post=61864"}],"curies":[{"name":"wp","href":"https:\/\/api.w.org\/{rel}","templated":true}]}}