{"id":61861,"date":"2025-10-20T06:00:56","date_gmt":"2025-10-20T09:00:56","guid":{"rendered":"https:\/\/www.sincomam.org.br\/?p=61861"},"modified":"2025-10-18T19:04:55","modified_gmt":"2025-10-18T22:04:55","slug":"anp-autoriza-retomada-da-operacao-do-fpso-peregrino-na-bacia-de-campos","status":"publish","type":"post","link":"https:\/\/www.sincomam.org.br\/index.php\/anp-autoriza-retomada-da-operacao-do-fpso-peregrino-na-bacia-de-campos\/","title":{"rendered":"ANP autoriza retomada da opera\u00e7\u00e3o do FPSO Peregrino na Bacia de Campos"},"content":{"rendered":"<p>A Ag\u00eancia Nacional do Petr\u00f3leo, G\u00e1s Natural e Biocombust\u00edveis (ANP) autorizou, nesta sexta-feira (17), atrav\u00e9s of\u00edcio divulgado por sua Superintend\u00eancia de Seguran\u00e7a Operacional, o rein\u00edcio da produ\u00e7\u00e3o do FPSO Peregrino, no campo de Peregrino, na Bacia de Campos, operado pela empresa Equinor em parceria com a Prior. A paralisa\u00e7\u00e3o havia sido determinada no \u00faltimo dia 15 de agosto deste ano pela ag\u00eancia ap\u00f3s auditoria no Sistema de Gest\u00e3o da Seguran\u00e7a Operacional (SGSO).<\/p>\n<p>Ap\u00f3s a paralisa\u00e7\u00e3o da produ\u00e7\u00e3o, a Equinor anunciou que seguiria todas as recomenda\u00e7\u00f5es da ag\u00eancia reguladora e que faria as adequa\u00e7\u00f5es necess\u00e1rias \u00e0 libera\u00e7\u00e3o da explora\u00e7\u00e3o no campo de Peregrino. A produ\u00e7\u00e3o no campo foi, segundo a empresa, de 97,5 mil barris de \u00f3leo equivalente por dia no segundo trimestre de 2025.<\/p>\n<p>A produ\u00e7\u00e3o de petr\u00f3leo no Campo de Peregrino, descoberto em 1994 a 85 quil\u00f4metros da costa, foi iniciada em 2011. Em maio de 2025, a Prio terminou a compra de 100% dos campos de Peregrino e de Pitangola, adquirindo os 60% controlados pela Equinor. A conclus\u00e3o da opera\u00e7\u00e3o, sujeita \u00e0 avalia\u00e7\u00e3o da ANP e do Conselho Administrativo de Defesa Econ\u00f4mica (Cade), est\u00e1 prevista para at\u00e9 meados de 2026.<\/p>\n<p>Roberto Monteiro, CEO da Prio, anunciou, tamb\u00e9m nesta sexta-feira, que a retomada da opera\u00e7\u00e3o ser\u00e1 imediata. \u201cA decis\u00e3o nos permite retomar a plena capacidade de produ\u00e7\u00e3o e continuar gerando valor para nossos acionistas\u201d, afirmou.<\/p>\n<p>Fonte: Portos e Navios<\/p>\n","protected":false},"excerpt":{"rendered":"<p>A Ag\u00eancia Nacional do Petr\u00f3leo, G\u00e1s Natural e Biocombust\u00edveis (ANP) autorizou, nesta sexta-feira (17), atrav\u00e9s of\u00edcio divulgado por sua Superintend\u00eancia de Seguran\u00e7a Operacional, o rein\u00edcio&#8230;<\/p>\n","protected":false},"author":1527,"featured_media":61862,"comment_status":"closed","ping_status":"closed","sticky":false,"template":"","format":"standard","meta":{"footnotes":""},"categories":[6],"tags":[],"class_list":["post-61861","post","type-post","status-publish","format-standard","has-post-thumbnail","hentry","category-noticias"],"_links":{"self":[{"href":"https:\/\/www.sincomam.org.br\/index.php\/wp-json\/wp\/v2\/posts\/61861","targetHints":{"allow":["GET"]}}],"collection":[{"href":"https:\/\/www.sincomam.org.br\/index.php\/wp-json\/wp\/v2\/posts"}],"about":[{"href":"https:\/\/www.sincomam.org.br\/index.php\/wp-json\/wp\/v2\/types\/post"}],"author":[{"embeddable":true,"href":"https:\/\/www.sincomam.org.br\/index.php\/wp-json\/wp\/v2\/users\/1527"}],"replies":[{"embeddable":true,"href":"https:\/\/www.sincomam.org.br\/index.php\/wp-json\/wp\/v2\/comments?post=61861"}],"version-history":[{"count":1,"href":"https:\/\/www.sincomam.org.br\/index.php\/wp-json\/wp\/v2\/posts\/61861\/revisions"}],"predecessor-version":[{"id":61863,"href":"https:\/\/www.sincomam.org.br\/index.php\/wp-json\/wp\/v2\/posts\/61861\/revisions\/61863"}],"wp:featuredmedia":[{"embeddable":true,"href":"https:\/\/www.sincomam.org.br\/index.php\/wp-json\/wp\/v2\/media\/61862"}],"wp:attachment":[{"href":"https:\/\/www.sincomam.org.br\/index.php\/wp-json\/wp\/v2\/media?parent=61861"}],"wp:term":[{"taxonomy":"category","embeddable":true,"href":"https:\/\/www.sincomam.org.br\/index.php\/wp-json\/wp\/v2\/categories?post=61861"},{"taxonomy":"post_tag","embeddable":true,"href":"https:\/\/www.sincomam.org.br\/index.php\/wp-json\/wp\/v2\/tags?post=61861"}],"curies":[{"name":"wp","href":"https:\/\/api.w.org\/{rel}","templated":true}]}}