{"id":61858,"date":"2025-10-20T06:00:48","date_gmt":"2025-10-20T09:00:48","guid":{"rendered":"https:\/\/www.sincomam.org.br\/?p=61858"},"modified":"2025-10-18T18:57:22","modified_gmt":"2025-10-18T21:57:22","slug":"governo-sindicatos-e-setor-de-transportes-firmam-termo-para-transicao-das-relacoes-de-trabalho","status":"publish","type":"post","link":"https:\/\/www.sincomam.org.br\/index.php\/governo-sindicatos-e-setor-de-transportes-firmam-termo-para-transicao-das-relacoes-de-trabalho\/","title":{"rendered":"Governo, sindicatos e setor de transportes firmam termo para transi\u00e7\u00e3o das rela\u00e7\u00f5es de trabalho"},"content":{"rendered":"<p>Representantes dos minist\u00e9rios dos Portos e Aeroportos (MPor), dos Transportes (MT) e do Trabalho e Emprego (MTE) e de sindicatos, federa\u00e7\u00f5es e confedera\u00e7\u00f5es de trabalhadores e de empresas do setor de transportes assinaram, na \u00faltima quinta-feira (16), no Rio de Janeiro, um memorando para discutir e adotar mudan\u00e7as nas rela\u00e7\u00f5es de trabalho. O objetivo, segundo os signat\u00e1rios, \u00e9 criar uma parceria tripartite para atualizar contratos de trabalho e adapt\u00e1-los \u00e0s novas tecnologias e condi\u00e7\u00f5es de emprego e presta\u00e7\u00e3o de servi\u00e7os.<\/p>\n<p>O acordo prev\u00ea a forma\u00e7\u00e3o de grupos para discuss\u00e3o permanente sobre a rela\u00e7\u00e3o entre empresas e empregados com objetivo de estabelecer uma transi\u00e7\u00e3o justa que garanta aos trabalhadores melhorias das condi\u00e7\u00f5es de trabalho, seguran\u00e7a para exercer suas atividades, programas de sa\u00fade e treinamentos para acompanhar a evolu\u00e7\u00e3o das tecnologias. Estabelece ainda a ado\u00e7\u00e3o de programas de respeito \u00e0 diversidade e de combate a discrimina\u00e7\u00f5es.<\/p>\n<p>Em princ\u00edpio, o acordo valer\u00e1 por cinco anos, mas passar\u00e1 por revis\u00f5es a cada dois anos para avalia\u00e7\u00e3o e, quando necess\u00e1rio, atualiza\u00e7\u00e3o das a\u00e7\u00f5es conjuntas. Pelo que foi definido no memorando, as iniciativas dever\u00e3o respeitar as compet\u00eancias institucionais de cada parte e ser\u00e3o discutidas e adotadas de forma transparente e sempre em colabora\u00e7\u00e3o entre os representantes do governo, dos trabalhadores e das empresas.<\/p>\n<p>Para a CONTTMAF, o setor de transporte sai na frente com a primeira iniciativa setorial efetiva envolvendo governo, empresas e trabalhadores para estabelecer compromissos conjuntos para uma transi\u00e7\u00e3o justa. \u201cEste memorando \u00e9 um passo hist\u00f3rico para garantir que a transi\u00e7\u00e3o energ\u00e9tica e tecnol\u00f3gica nos transportes aconte\u00e7a com prote\u00e7\u00e3o aos trabalhadores, di\u00e1logo social e gera\u00e7\u00e3o de empregos decentes\u201d, afirmou Carlos Augusto M\u00fcller, presidente da CONTTMAF e do Comit\u00ea Global de Transporte Sustent\u00e1vel da ITF.<\/p>\n<p>Fonte: Portos e Navios<\/p>\n","protected":false},"excerpt":{"rendered":"<p>Representantes dos minist\u00e9rios dos Portos e Aeroportos (MPor), dos Transportes (MT) e do Trabalho e Emprego (MTE) e de sindicatos, federa\u00e7\u00f5es e confedera\u00e7\u00f5es de trabalhadores&#8230;<\/p>\n","protected":false},"author":1527,"featured_media":61859,"comment_status":"closed","ping_status":"closed","sticky":false,"template":"","format":"standard","meta":{"footnotes":""},"categories":[6],"tags":[],"class_list":["post-61858","post","type-post","status-publish","format-standard","has-post-thumbnail","hentry","category-noticias"],"_links":{"self":[{"href":"https:\/\/www.sincomam.org.br\/index.php\/wp-json\/wp\/v2\/posts\/61858","targetHints":{"allow":["GET"]}}],"collection":[{"href":"https:\/\/www.sincomam.org.br\/index.php\/wp-json\/wp\/v2\/posts"}],"about":[{"href":"https:\/\/www.sincomam.org.br\/index.php\/wp-json\/wp\/v2\/types\/post"}],"author":[{"embeddable":true,"href":"https:\/\/www.sincomam.org.br\/index.php\/wp-json\/wp\/v2\/users\/1527"}],"replies":[{"embeddable":true,"href":"https:\/\/www.sincomam.org.br\/index.php\/wp-json\/wp\/v2\/comments?post=61858"}],"version-history":[{"count":1,"href":"https:\/\/www.sincomam.org.br\/index.php\/wp-json\/wp\/v2\/posts\/61858\/revisions"}],"predecessor-version":[{"id":61860,"href":"https:\/\/www.sincomam.org.br\/index.php\/wp-json\/wp\/v2\/posts\/61858\/revisions\/61860"}],"wp:featuredmedia":[{"embeddable":true,"href":"https:\/\/www.sincomam.org.br\/index.php\/wp-json\/wp\/v2\/media\/61859"}],"wp:attachment":[{"href":"https:\/\/www.sincomam.org.br\/index.php\/wp-json\/wp\/v2\/media?parent=61858"}],"wp:term":[{"taxonomy":"category","embeddable":true,"href":"https:\/\/www.sincomam.org.br\/index.php\/wp-json\/wp\/v2\/categories?post=61858"},{"taxonomy":"post_tag","embeddable":true,"href":"https:\/\/www.sincomam.org.br\/index.php\/wp-json\/wp\/v2\/tags?post=61858"}],"curies":[{"name":"wp","href":"https:\/\/api.w.org\/{rel}","templated":true}]}}