{"id":61855,"date":"2025-10-20T06:00:45","date_gmt":"2025-10-20T09:00:45","guid":{"rendered":"https:\/\/www.sincomam.org.br\/?p=61855"},"modified":"2025-10-18T18:43:59","modified_gmt":"2025-10-18T21:43:59","slug":"porto-do-acu-e-jaq-apoio-maritimo-firmam-acordo-para-desenvolver-embarcacoes-movidas-a-hidrogenio","status":"publish","type":"post","link":"https:\/\/www.sincomam.org.br\/index.php\/porto-do-acu-e-jaq-apoio-maritimo-firmam-acordo-para-desenvolver-embarcacoes-movidas-a-hidrogenio\/","title":{"rendered":"Porto do A\u00e7u e Jaq Apoio Mar\u00edtimo firmam acordo para desenvolver embarca\u00e7\u00f5es movidas a hidrog\u00eanio"},"content":{"rendered":"<p>O Porto do A\u00e7u (RJ) e a Jaq Apoio Mar\u00edtimo, unidade de neg\u00f3cios do Grupo N\u00e1utica, assinaram, na \u00faltima quinta-feira (16), um memorando de entendimentos visando a realiza\u00e7\u00e3o de estudos sobre formas de capta\u00e7\u00e3o de recursos, buscar apoio e firmar parcerias para desenvolvimento de embarca\u00e7\u00f5es movidas a hidrog\u00eanio produzido a bordo. Al\u00e9m disso, o acordo prev\u00ea projetos de pesquisa, de desenvolvimento e de inova\u00e7\u00e3o.<\/p>\n<p>Segundo as empresas, o objetivo \u00e9 elaborar juntas os estudos de viabilidade t\u00e9cnica, comercial, ambiental, financeira, jur\u00eddica e cont\u00e1bil necess\u00e1rios para o uso das embarca\u00e7\u00f5es movidas a hidrog\u00eanio. A Jaq informou que j\u00e1 est\u00e1 desenvolvendo duas embarca\u00e7\u00f5es (Explorer H1 e Explorer H2) que ser\u00e3o operadas com hidrog\u00eanio verde, com zero emiss\u00e3o de carbono.<\/p>\n<p>As unidades, explicou a Jaq, foram projetadas para funcionar como laborat\u00f3rios avan\u00e7ados dedicados ao estudo dos biomas brasileiros e como laborat\u00f3rios de pesquisa para projetos de desenvolvimento e inova\u00e7\u00e3o flutuantes. A empresa adiantou que o projeto ser\u00e1 apresentado oficialmente durante a 30\u00aa Confer\u00eancia da ONU sobre Mudan\u00e7as Clim\u00e1ticas (COP30), que ser\u00e1 realizada em Bel\u00e9m, no Par\u00e1, de 10 a 21 de novembro. E que em 2026 as embarca\u00e7\u00f5es ser\u00e3o levadas para o Porto do A\u00e7u.<\/p>\n<p>Fonte: Portos e Navios<\/p>\n","protected":false},"excerpt":{"rendered":"<p>O Porto do A\u00e7u (RJ) e a Jaq Apoio Mar\u00edtimo, unidade de neg\u00f3cios do Grupo N\u00e1utica, assinaram, na \u00faltima quinta-feira (16), um memorando de entendimentos&#8230;<\/p>\n","protected":false},"author":1527,"featured_media":61856,"comment_status":"closed","ping_status":"closed","sticky":false,"template":"","format":"standard","meta":{"footnotes":""},"categories":[6],"tags":[],"class_list":["post-61855","post","type-post","status-publish","format-standard","has-post-thumbnail","hentry","category-noticias"],"_links":{"self":[{"href":"https:\/\/www.sincomam.org.br\/index.php\/wp-json\/wp\/v2\/posts\/61855","targetHints":{"allow":["GET"]}}],"collection":[{"href":"https:\/\/www.sincomam.org.br\/index.php\/wp-json\/wp\/v2\/posts"}],"about":[{"href":"https:\/\/www.sincomam.org.br\/index.php\/wp-json\/wp\/v2\/types\/post"}],"author":[{"embeddable":true,"href":"https:\/\/www.sincomam.org.br\/index.php\/wp-json\/wp\/v2\/users\/1527"}],"replies":[{"embeddable":true,"href":"https:\/\/www.sincomam.org.br\/index.php\/wp-json\/wp\/v2\/comments?post=61855"}],"version-history":[{"count":1,"href":"https:\/\/www.sincomam.org.br\/index.php\/wp-json\/wp\/v2\/posts\/61855\/revisions"}],"predecessor-version":[{"id":61857,"href":"https:\/\/www.sincomam.org.br\/index.php\/wp-json\/wp\/v2\/posts\/61855\/revisions\/61857"}],"wp:featuredmedia":[{"embeddable":true,"href":"https:\/\/www.sincomam.org.br\/index.php\/wp-json\/wp\/v2\/media\/61856"}],"wp:attachment":[{"href":"https:\/\/www.sincomam.org.br\/index.php\/wp-json\/wp\/v2\/media?parent=61855"}],"wp:term":[{"taxonomy":"category","embeddable":true,"href":"https:\/\/www.sincomam.org.br\/index.php\/wp-json\/wp\/v2\/categories?post=61855"},{"taxonomy":"post_tag","embeddable":true,"href":"https:\/\/www.sincomam.org.br\/index.php\/wp-json\/wp\/v2\/tags?post=61855"}],"curies":[{"name":"wp","href":"https:\/\/api.w.org\/{rel}","templated":true}]}}