{"id":61852,"date":"2025-10-20T06:00:40","date_gmt":"2025-10-20T09:00:40","guid":{"rendered":"https:\/\/www.sincomam.org.br\/?p=61852"},"modified":"2025-10-18T18:41:39","modified_gmt":"2025-10-18T21:41:39","slug":"novos-investimentos-no-porto-de-rio-grande-vao-elevar-a-movimentacao-de-cargas-no-complexo-portuario-e-gerar-emprego-e-renda-ao-pais","status":"publish","type":"post","link":"https:\/\/www.sincomam.org.br\/index.php\/novos-investimentos-no-porto-de-rio-grande-vao-elevar-a-movimentacao-de-cargas-no-complexo-portuario-e-gerar-emprego-e-renda-ao-pais\/","title":{"rendered":"Novos investimentos no Porto de Rio Grande v\u00e3o elevar a movimenta\u00e7\u00e3o de cargas no complexo portu\u00e1rio e gerar emprego e renda ao pa\u00eds"},"content":{"rendered":"<p>ministro de Portos e Aeroportos, Silvio Costa Filho, anunciou nesta quinta-feira (16) novos investimentos federais e a redefini\u00e7\u00e3o da poligonal do Porto Organizado de Rio Grande, consolidando o compromisso do Governo Federal com a moderniza\u00e7\u00e3o da infraestrutura portu\u00e1ria e o desenvolvimento do Rio Grande do Sul. Durante visita ao porto, Costa Filho falou sobre o aporte de R$ 337 milh\u00f5es voltados a melhorias estruturais e operacionais do complexo portu\u00e1rio.<\/p>\n<p>Costa Filho tamb\u00e9m destacou o papel dos trabalhadores portu\u00e1rios e reafirmou o compromisso do Governo Federal com a valoriza\u00e7\u00e3o da categoria. Ele informou que o minist\u00e9rio trabalha para efetivar, at\u00e9 15 de novembro, a portaria da Guarda Portu\u00e1ria, medida que trar\u00e1 mais estabilidade e prioridade institucional \u00e0 \u00e1rea, e defendeu o di\u00e1logo permanente com o Congresso Nacional sobre o Projeto de Lei n\u00ba 733, que trata do setor portu\u00e1rio, com participa\u00e7\u00e3o ativa dos profissionais. \u201cNossa meta \u00e9 efetivar, at\u00e9 15 de novembro, a portaria da Guarda Portu\u00e1ria, fortalecendo a categoria e garantindo mais estabilidade e prioridade institucional ao setor\u201d, afirmou o ministro.<\/p>\n<p>Silvio Costa Filho explicou que a nova poligonal assegura maior racionalidade administrativa e abre espa\u00e7o para novos empreendimentos privados, especialmente nos segmentos industrial e offshore. A \u00e1rea do Estaleiro Rio Grande, com cerca de 974 mil metros quadrados, foi exclu\u00edda para permitir a implanta\u00e7\u00e3o de futuros Terminais de Uso Privado (TUPs), enquanto a adequa\u00e7\u00e3o da \u00e1rea do Terminal Mar\u00edtimo Bianchini garantir\u00e1 mais autonomia operacional. \u201cO Governo Federal tem trabalhado em parceria com o estado para impulsionar a competitividade log\u00edstica e garantir que o Porto de Rio Grande continue sendo um eixo estrat\u00e9gico do desenvolvimento regional\u201d, destacou.<\/p>\n<p><strong>Investimentos portu\u00e1rios<\/strong><\/p>\n<p>O ministro ressaltou que o Porto de Rio Grande vive um novo ciclo de expans\u00e3o, com obras e contratos que somam cerca de R$ 2,5 bilh\u00f5es, podendo chegar a R$ 3 bilh\u00f5es, integrando as a\u00e7\u00f5es do Programa de Acelera\u00e7\u00e3o do Crescimento (PAC) e o plano de reconstru\u00e7\u00e3o do estado ap\u00f3s as cheias de 2024. \u201cEstamos aplicando mais de R$ 2,5 bilh\u00f5es em investimentos, dentro de um esfor\u00e7o nacional de reconstru\u00e7\u00e3o e crescimento do Rio Grande do Sul\u201d, afirmou.<\/p>\n<p>Sob coordena\u00e7\u00e3o do Minist\u00e9rio de Portos e Aeroportos, a Portos RS executa projetos estruturantes voltados \u00e0 moderniza\u00e7\u00e3o da infraestrutura portu\u00e1ria, \u00e0 eleva\u00e7\u00e3o dos padr\u00f5es de efici\u00eancia e \u00e0 melhoria da governan\u00e7a. As a\u00e7\u00f5es somam mais de R$ 500 milh\u00f5es em investimentos p\u00fablicos e privados, incluindo a moderniza\u00e7\u00e3o do Porto Novo, dragagens de manuten\u00e7\u00e3o, pavimenta\u00e7\u00e3o interna e implanta\u00e7\u00e3o do Sistema VTS (Vessel Traffic Service), j\u00e1 em fase final de execu\u00e7\u00e3o.<\/p>\n<p>O presidente da Portos RS, Cristiano Klinger, destacou que o porto opera atualmente com sete frentes de trabalho simult\u00e2neas, mantendo calado operacional de 15 metros e condi\u00e7\u00f5es para receber embarca\u00e7\u00f5es de grande porte. \u201cA combina\u00e7\u00e3o de infraestrutura eficiente e opera\u00e7\u00e3o integrada \u00e9 o que assegura competitividade e sustentabilidade \u00e0 nossa atividade\u201d, afirmou.<\/p>\n<p>O ministro tamb\u00e9m confirmou o avan\u00e7o dos estudos para o leil\u00e3o do canal de acesso do Porto de Rio Grande, que ser\u00e1 realizado na B3 em modelo de parceria p\u00fablico-privada, garantindo manuten\u00e7\u00e3o permanente, sinaliza\u00e7\u00e3o e seguran\u00e7a da navega\u00e7\u00e3o. \u201cCom a dragagem pronta, vamos ampliar a competitividade, receber navios maiores e colocar o Porto do Rio Grande cada vez mais na rota da internacionaliza\u00e7\u00e3o e do desenvolvimento\u201d, disse.<\/p>\n<p>As medidas refor\u00e7am o papel do Porto de Rio Grande como eixo estrat\u00e9gico da economia ga\u00facha e consolidam o novo ciclo de desenvolvimento log\u00edstico impulsionado pelo Governo Federal.<\/p>\n<p>Fonte: Minist\u00e9rio Portos e Aeroportos<\/p>\n","protected":false},"excerpt":{"rendered":"<p>ministro de Portos e Aeroportos, Silvio Costa Filho, anunciou nesta quinta-feira (16) novos investimentos federais e a redefini\u00e7\u00e3o da poligonal do Porto Organizado de Rio&#8230;<\/p>\n","protected":false},"author":1527,"featured_media":61853,"comment_status":"closed","ping_status":"closed","sticky":false,"template":"","format":"standard","meta":{"footnotes":""},"categories":[6],"tags":[],"class_list":["post-61852","post","type-post","status-publish","format-standard","has-post-thumbnail","hentry","category-noticias"],"_links":{"self":[{"href":"https:\/\/www.sincomam.org.br\/index.php\/wp-json\/wp\/v2\/posts\/61852","targetHints":{"allow":["GET"]}}],"collection":[{"href":"https:\/\/www.sincomam.org.br\/index.php\/wp-json\/wp\/v2\/posts"}],"about":[{"href":"https:\/\/www.sincomam.org.br\/index.php\/wp-json\/wp\/v2\/types\/post"}],"author":[{"embeddable":true,"href":"https:\/\/www.sincomam.org.br\/index.php\/wp-json\/wp\/v2\/users\/1527"}],"replies":[{"embeddable":true,"href":"https:\/\/www.sincomam.org.br\/index.php\/wp-json\/wp\/v2\/comments?post=61852"}],"version-history":[{"count":1,"href":"https:\/\/www.sincomam.org.br\/index.php\/wp-json\/wp\/v2\/posts\/61852\/revisions"}],"predecessor-version":[{"id":61854,"href":"https:\/\/www.sincomam.org.br\/index.php\/wp-json\/wp\/v2\/posts\/61852\/revisions\/61854"}],"wp:featuredmedia":[{"embeddable":true,"href":"https:\/\/www.sincomam.org.br\/index.php\/wp-json\/wp\/v2\/media\/61853"}],"wp:attachment":[{"href":"https:\/\/www.sincomam.org.br\/index.php\/wp-json\/wp\/v2\/media?parent=61852"}],"wp:term":[{"taxonomy":"category","embeddable":true,"href":"https:\/\/www.sincomam.org.br\/index.php\/wp-json\/wp\/v2\/categories?post=61852"},{"taxonomy":"post_tag","embeddable":true,"href":"https:\/\/www.sincomam.org.br\/index.php\/wp-json\/wp\/v2\/tags?post=61852"}],"curies":[{"name":"wp","href":"https:\/\/api.w.org\/{rel}","templated":true}]}}