{"id":61833,"date":"2025-10-17T11:10:49","date_gmt":"2025-10-17T14:10:49","guid":{"rendered":"https:\/\/www.sincomam.org.br\/?p=61833"},"modified":"2025-10-17T11:10:49","modified_gmt":"2025-10-17T14:10:49","slug":"na-firjan-magda-defende-investimentos-em-campos-maduros-e-no-norte-fluminense","status":"publish","type":"post","link":"https:\/\/www.sincomam.org.br\/index.php\/na-firjan-magda-defende-investimentos-em-campos-maduros-e-no-norte-fluminense\/","title":{"rendered":"Na Firjan, Magda defende investimentos em campos maduros e no norte fluminense"},"content":{"rendered":"<p>A presidente da Petrobras, Magda Chambriard, defendeu, na \u00faltima ter\u00e7a-feira (14), a continuidade dos investimentos no norte do estado do Rio de Janeiro e nos campos maduros. Ela participou da reuni\u00e3o do Conselho Empresarial de Petr\u00f3leo e G\u00e1s da Federa\u00e7\u00e3o das Ind\u00fastrias do Estado do Rio de Janeiro (Firjan),para apresentar o Planejamento Energ\u00e9tico e o Plano Clima da Petrobras. Na ocasi\u00e3o, Magda destacou como a companhia vem contribuindo para que o pa\u00eds tenha seguran\u00e7a energ\u00e9tica e desenvolvimento econ\u00f4mico e humano<\/p>\n<p>No encontro, na sede da federa\u00e7\u00e3o, no Rio, a\u00a0presidente da Petrobras\u00a0acrescentou que a regi\u00e3o ficou desassistida na quest\u00e3o do pre\u00e7o de refer\u00eancia do petr\u00f3leo, principalmente porque \u00e9 l\u00e1 que acontece o p\u00f3s-sal. \u201c\u00c9 important\u00edssimo avan\u00e7armos nisso, n\u00e3o deixar isso para tr\u00e1s, porque a gente tem uma dificuldade real de viabilizar investimentos no Norte Fluminense. A regi\u00e3o n\u00e3o merece ser desassistida, n\u00e3o merece ser deixada para tr\u00e1s\u201d, avaliou.<\/p>\n<p>O presidente do conselho, Emiliano Fernandes, tamb\u00e9m enfatizou a import\u00e2ncia dos investimentos no Norte Fluminense. &#8220;As lideran\u00e7as da regi\u00e3o t\u00eam que entender a necessidade de discutir a continuidade dessa produ\u00e7\u00e3o de petr\u00f3leo ao longo do tempo, os incentivos que s\u00e3o necess\u00e1rios para a continuidade da produ\u00e7\u00e3o e os impactos econ\u00f4micos que essas atividades representam para o nosso estado\u201d, disse Emiliano. O presidente do conselho empresarial anunciou que na pr\u00f3xima quinta-feira (23), ser\u00e1 lan\u00e7ada a publica\u00e7\u00e3o \u201cA Jornada Firjan pela Transi\u00e7\u00e3o Energ\u00e9tica na Ind\u00fastria\u201d.<\/p>\n<p>A presidente da Petrobras citou tamb\u00e9m dados sobre a redu\u00e7\u00e3o de emiss\u00e3o: \u201cNos \u00faltimos 10 anos, a Petrobras reduziu 60% das emiss\u00f5es de metano e reduziu 40% das emiss\u00f5es de CO2. Todas as propostas relativas \u00e0 redu\u00e7\u00e3o de emiss\u00e3o, principalmente o escopo 1 e 2, est\u00e3o completamente dentro dos limites e das demandas do Acordo de Paris\u201d, afirmou Magda.<\/p>\n<p>Magda falou ainda sobre o escopo 3 do Acordo de Paris. Segundo ela, o pa\u00eds tem gasolina, carbono neutro, coque mais verde e diesel coprocessado participando junto com o agroneg\u00f3cio. \u201cN\u00e3o pode haver Plano Clima sem que esteja de m\u00e3os dadas com o Planejamento Energ\u00e9tico do pa\u00eds. Eles juntos \u00e9 que permitir\u00e3o o avan\u00e7o do \u00edndice de desenvolvimento humano. Hoje a gente faz diesel com 5% de conte\u00fado renov\u00e1vel e j\u00e1 estamos testando com at\u00e9 10%. E combust\u00edvel naval, o bunker, com 24% de biodiesel renov\u00e1vel, que vem sendo vendido na \u00c1sia, com grande aceita\u00e7\u00e3o\u201d, complementou.<\/p>\n<p>J\u00e1 Karine Fragoso, assessora do conselho empresarial de petr\u00f3leo e g\u00e1s da Firjan, e Tatiana Lauria, assessora do conselho empresarial de energia el\u00e9trica da federa\u00e7\u00e3o, apresentaram o conceito da Jornada pela transi\u00e7\u00e3o energ\u00e9tica na Ind\u00fastria. Karine informou que a publica\u00e7\u00e3o, vai tratar da integra\u00e7\u00e3o e a diversifica\u00e7\u00e3o de fontes, tecnologias, compet\u00eancias e mercados.<\/p>\n<p>Tatiana Lauria explicou a vis\u00e3o do Conselho de Energia El\u00e9trica da federa\u00e7\u00e3o em rela\u00e7\u00e3o \u00e0 transi\u00e7\u00e3o energ\u00e9tica, que foi inclu\u00edda no Plano de Trabalho do Conselho, que tem tr\u00eas vertentes: a regulat\u00f3ria, o empoderamento do consumidor e a seguran\u00e7a energ\u00e9tica. \u201cEstamos levando conhecimento aos pequenos empres\u00e1rios, principalmente sobre como podem se inserir no contexto da transi\u00e7\u00e3o energ\u00e9tica, o que existe de oportunidade para eles, a moderniza\u00e7\u00e3o das redes e a abertura do Mercado Livre, como o consumidor vai se inserir tamb\u00e9m novo ambiente\u201d, disse Tatiana.<\/p>\n<p>Participaram ainda da reuni\u00e3o, Raul Sanson, vice-presidente do Conselho Empresarial de Petr\u00f3leo e G\u00e1s da Firjan; Ang\u00e9lica Laureano, diretora executiva de Transi\u00e7\u00e3o Energ\u00e9tica e Sustentabilidade da Petrobras; Sylvia Anjos, diretora Executiva de Explora\u00e7\u00e3o e Produ\u00e7\u00e3o da Petrobras; Claudia Guimar\u00e3es, vice-presidente do Conselho de ESG da federa\u00e7\u00e3o; al\u00e9m de integrantes dos conselhos da Firjan de ESG e de Energia El\u00e9trica.<\/p>\n<p>Fonte: Portos e Navios<\/p>\n","protected":false},"excerpt":{"rendered":"<p>A presidente da Petrobras, Magda Chambriard, defendeu, na \u00faltima ter\u00e7a-feira (14), a continuidade dos investimentos no norte do estado do Rio de Janeiro e nos&#8230;<\/p>\n","protected":false},"author":1527,"featured_media":61834,"comment_status":"closed","ping_status":"closed","sticky":false,"template":"","format":"standard","meta":{"footnotes":""},"categories":[6],"tags":[],"class_list":["post-61833","post","type-post","status-publish","format-standard","has-post-thumbnail","hentry","category-noticias"],"_links":{"self":[{"href":"https:\/\/www.sincomam.org.br\/index.php\/wp-json\/wp\/v2\/posts\/61833","targetHints":{"allow":["GET"]}}],"collection":[{"href":"https:\/\/www.sincomam.org.br\/index.php\/wp-json\/wp\/v2\/posts"}],"about":[{"href":"https:\/\/www.sincomam.org.br\/index.php\/wp-json\/wp\/v2\/types\/post"}],"author":[{"embeddable":true,"href":"https:\/\/www.sincomam.org.br\/index.php\/wp-json\/wp\/v2\/users\/1527"}],"replies":[{"embeddable":true,"href":"https:\/\/www.sincomam.org.br\/index.php\/wp-json\/wp\/v2\/comments?post=61833"}],"version-history":[{"count":1,"href":"https:\/\/www.sincomam.org.br\/index.php\/wp-json\/wp\/v2\/posts\/61833\/revisions"}],"predecessor-version":[{"id":61835,"href":"https:\/\/www.sincomam.org.br\/index.php\/wp-json\/wp\/v2\/posts\/61833\/revisions\/61835"}],"wp:featuredmedia":[{"embeddable":true,"href":"https:\/\/www.sincomam.org.br\/index.php\/wp-json\/wp\/v2\/media\/61834"}],"wp:attachment":[{"href":"https:\/\/www.sincomam.org.br\/index.php\/wp-json\/wp\/v2\/media?parent=61833"}],"wp:term":[{"taxonomy":"category","embeddable":true,"href":"https:\/\/www.sincomam.org.br\/index.php\/wp-json\/wp\/v2\/categories?post=61833"},{"taxonomy":"post_tag","embeddable":true,"href":"https:\/\/www.sincomam.org.br\/index.php\/wp-json\/wp\/v2\/tags?post=61833"}],"curies":[{"name":"wp","href":"https:\/\/api.w.org\/{rel}","templated":true}]}}