{"id":6181,"date":"2014-06-18T08:24:05","date_gmt":"2014-06-18T11:24:05","guid":{"rendered":"http:\/\/www.sincomam.org.br\/?p=6181"},"modified":"2014-06-17T19:31:28","modified_gmt":"2014-06-17T22:31:28","slug":"stj-suspende-greve-de-servidores-de-institutos-e-universidades-federais","status":"publish","type":"post","link":"https:\/\/www.sincomam.org.br\/index.php\/stj-suspende-greve-de-servidores-de-institutos-e-universidades-federais\/","title":{"rendered":"STJ suspende greve de servidores de institutos e universidades federais"},"content":{"rendered":"<p>O Superior Tribunal de Justi\u00e7a (STJ) determinou, em medida liminar, a suspens\u00e3o da greve dos professores e t\u00e9cnicos administrativos de institutos de educa\u00e7\u00e3o e universidades federais e do Col\u00e9gio Pedro II, no Rio de Janeiro. Pela decis\u00e3o, os servidores em greve devem retomar as atividades, paralisadas h\u00e1 58 dias.<\/p>\n<p>Os ministros relatores das a\u00e7\u00f5es de diss\u00eddio da greve proibiram tamb\u00e9m a realiza\u00e7\u00e3o de bloqueios ou empecilhos \u00e0 movimenta\u00e7\u00e3o de pessoas nas institui\u00e7\u00f5es de ensino, sejam servidores, autoridades ou usu\u00e1rios. Em caso de descumprimento, a multa di\u00e1ria pode chegar a R$ 200 mil.<\/p>\n<p>As decis\u00f5es foram tomadas em duas a\u00e7\u00f5es movidas pela Advocacia-Geral da Uni\u00e3o (AGU) no STJ contra os movimentos grevistas. De acordo com a AGU, os pedidos de suspens\u00e3o t\u00eam por base acordo para reestrutura\u00e7\u00e3o remunerat\u00f3ria firmado judicialmente, em 2012, entre o governo federal e os servidores p\u00fablicos federais, incluindo os docentes e t\u00e9cnicos administrativos das institui\u00e7\u00f5es federais de ensino superior.<\/p>\n<p>A AGU argumentou que a greve prejudica cerca de um milh\u00e3o de estudantes em todo o pa\u00eds e que os servi\u00e7os essenciais prestados pelas universidades e institutos estavam comprometidos. Por esse motivo, requereu a suspens\u00e3o das paralisa\u00e7\u00f5es e a aplica\u00e7\u00e3o de multas caso as ordens fossem descumpridas.<\/p>\n<p>O Sindicato Nacional dos Servidores Federais da Educa\u00e7\u00e3o B\u00e1sica, Profissional e Tecnol\u00f3gica (Sinasefe) informou que ir\u00e1 recorrer da decis\u00e3o. A assessoria da Sinasefe afirmou que o acordo em quest\u00e3o n\u00e3o foi assinado pela entidade e sim pela Federa\u00e7\u00e3o de Sindicatos de Professores de Institui\u00e7\u00f5es Federais de Ensino Superior (Proifes), institui\u00e7\u00e3o que perdeu o direito de representar o Sinasefe.<\/p>\n<p>A assessoria da Sinasefe disse ainda que h\u00e1 equ\u00edvocos na decis\u00e3o do STJ, entre eles o fato de o tribunal ter considerado que 100% dos trabalhadores est\u00e3o paralisados e de n\u00e3o ter levado em considera\u00e7\u00e3o que os servi\u00e7os essenciais est\u00e3o preservados. De acordo com o sindicato, servidores de 19 estados aderiram \u00e0 greve, abrangendo 163 institui\u00e7\u00f5es.<\/p>\n<p>Fonte: Ag\u00eancia Brasil<\/p>\n","protected":false},"excerpt":{"rendered":"<p>O Superior Tribunal de Justi\u00e7a (STJ) determinou, em medida liminar, a suspens\u00e3o da greve dos professores e t\u00e9cnicos administrativos de institutos de educa\u00e7\u00e3o e universidades&#8230;<\/p>\n","protected":false},"author":1182,"featured_media":6182,"comment_status":"closed","ping_status":"closed","sticky":false,"template":"","format":"standard","meta":{"footnotes":""},"categories":[6],"tags":[],"class_list":["post-6181","post","type-post","status-publish","format-standard","has-post-thumbnail","hentry","category-noticias"],"_links":{"self":[{"href":"https:\/\/www.sincomam.org.br\/index.php\/wp-json\/wp\/v2\/posts\/6181","targetHints":{"allow":["GET"]}}],"collection":[{"href":"https:\/\/www.sincomam.org.br\/index.php\/wp-json\/wp\/v2\/posts"}],"about":[{"href":"https:\/\/www.sincomam.org.br\/index.php\/wp-json\/wp\/v2\/types\/post"}],"author":[{"embeddable":true,"href":"https:\/\/www.sincomam.org.br\/index.php\/wp-json\/wp\/v2\/users\/1182"}],"replies":[{"embeddable":true,"href":"https:\/\/www.sincomam.org.br\/index.php\/wp-json\/wp\/v2\/comments?post=6181"}],"version-history":[{"count":1,"href":"https:\/\/www.sincomam.org.br\/index.php\/wp-json\/wp\/v2\/posts\/6181\/revisions"}],"predecessor-version":[{"id":6183,"href":"https:\/\/www.sincomam.org.br\/index.php\/wp-json\/wp\/v2\/posts\/6181\/revisions\/6183"}],"wp:featuredmedia":[{"embeddable":true,"href":"https:\/\/www.sincomam.org.br\/index.php\/wp-json\/wp\/v2\/media\/6182"}],"wp:attachment":[{"href":"https:\/\/www.sincomam.org.br\/index.php\/wp-json\/wp\/v2\/media?parent=6181"}],"wp:term":[{"taxonomy":"category","embeddable":true,"href":"https:\/\/www.sincomam.org.br\/index.php\/wp-json\/wp\/v2\/categories?post=6181"},{"taxonomy":"post_tag","embeddable":true,"href":"https:\/\/www.sincomam.org.br\/index.php\/wp-json\/wp\/v2\/tags?post=6181"}],"curies":[{"name":"wp","href":"https:\/\/api.w.org\/{rel}","templated":true}]}}