{"id":6179,"date":"2014-06-18T09:00:42","date_gmt":"2014-06-18T12:00:42","guid":{"rendered":"http:\/\/www.sincomam.org.br\/?p=6179"},"modified":"2014-06-17T19:23:53","modified_gmt":"2014-06-17T22:23:53","slug":"exercito-e-marinha-oferecem-concursos-com-25-mil-vagas","status":"publish","type":"post","link":"https:\/\/www.sincomam.org.br\/index.php\/exercito-e-marinha-oferecem-concursos-com-25-mil-vagas\/","title":{"rendered":"Ex\u00e9rcito e Marinha oferecem concursos com 2,5 mil vagas"},"content":{"rendered":"<p><strong><em>Cargos s\u00e3o em todos os n\u00edveis de escolaridade. Oportunidades s\u00e3o para forma\u00e7\u00e3o de oficiais, col\u00e9gio e Escola Naval<\/em><\/strong><\/p>\n<p>O Ex\u00e9rcito e a Marinha est\u00e3o com oito concursos abertos que oferecem um total de 2.500 vagas. Existem oportunidades para todos os n\u00edveis de escolaridade, mas a maioria \u00e9 para candidatos com n\u00edvel m\u00e9dio. Os sal\u00e1rios n\u00e3o foram informados.<\/p>\n<p>Veja abaixo os detalhes de cada concurso:<\/p>\n<p><strong>Ex\u00e9rcito (1)<\/strong><\/p>\n<p>O Ex\u00e9rcito abriu concurso para 500 vagas para a Escola Preparat\u00f3ria de Cadetes (EsPCEx), para o curso de Forma\u00e7\u00e3o e Gradua\u00e7\u00e3o de Oficiais de Carreira da Linha de Ensino Militar B\u00e9lico. Os candidatos devem ser do sexo masculino; ter n\u00edvel m\u00e9dio completo, ter altura m\u00ednima de 1,60m e entre 17 e 22 anos. As inscri\u00e7\u00f5es podem ser feitas at\u00e9 o dia 23 de junho pelo endere\u00e7o eletr\u00f4nico <a href=\"http:\/\/www.espcex.ensino.eb.br.\/\" target=\"_blank\">www.espcex.ensino.eb.br.<\/a> As provas ser\u00e3o aplicadas em 30 e 31 de agosto.<\/p>\n<p><strong>Ex\u00e9rcito (2)<\/strong><\/p>\n<p>O Ex\u00e9rcito abriu concurso para o Exame de Admiss\u00e3o os cursos de Forma\u00e7\u00e3o de Sargentos de Sa\u00fade e M\u00fasicos, com in\u00edcio em maio de 2015. S\u00e3o 80 vagas para sa\u00fade e 80 para m\u00fasicos. O candidato deve ter conclu\u00eddo o ensino m\u00e9dio e ter entre 17 anos e 25 anos de idade em 31 de dezembro de 2015. As inscri\u00e7\u00f5es devem ser feitas at\u00e9 7 de julho pelo site <a href=\"http:\/\/www.esa.ensino.eb.br\/index.asp\" target=\"_blank\">www.esa.ensino.eb.br. <\/a>O processo seletivo ter\u00e1 exame de escolaridade, inspe\u00e7\u00e3o de sa\u00fade, exame de aptid\u00e3o psicol\u00f3gica, teste de avalia\u00e7\u00e3o do condicionamento f\u00edsico e an\u00e1lise e valida\u00e7\u00e3o documental.<\/p>\n<p><strong>Ex\u00e9rcito (3)<\/strong><\/p>\n<p>O Ex\u00e9rcito abriu concurso para 1.380 vagas no curso de forma\u00e7\u00e3o de sargentos na Escola de Sargentos das Armas. As \u00e1reas s\u00e3o de combatente\/log\u00edstica-t\u00e9cnica, avia\u00e7\u00e3o, m\u00fasica e sa\u00fade. A \u00e1rea com maior n\u00famero de vagas \u00e9 a de combatente, com 1.220. O curso ter\u00e1 in\u00edcio em abril de 2015 e t\u00e9rmino em dezembro de 2016. As inscri\u00e7\u00f5es devem ser feitas at\u00e9 7 de julho pelo site pelo site <a href=\"http:\/\/www.esa.ensino.eb.br\/index.asp\" target=\"_blank\">www.esa.ensino.eb.br. <\/a>O exame intelectual ser\u00e1 realizado dia 12 de outubro.<\/p>\n<p><strong>Ex\u00e9rcito (4)<\/strong><\/p>\n<p>O Ex\u00e9rcito abriu concurso p\u00fablico com 65 vagas de n\u00edvel superior, para o Curso de Forma\u00e7\u00e3o de Oficiais do Quadro Complementar em 2015. Os candidatos precisam ter, no m\u00e1ximo, 36 anos e estatura m\u00ednima de 1,60m para o sexo masculino e 1,55m para o sexo feminino. As inscri\u00e7\u00f5es devem ser feitas at\u00e9 8 de agosto pelo site <a href=\"http:\/\/www.esfcex.ensino.eb.br\/\" target=\"_blank\">www.esfcex.ensino.eb.br<\/a>. A prova escrita est\u00e1 prevista para 14 de setembro.<\/p>\n<p><strong>Marinha (1)<\/strong><\/p>\n<p>A Marinha abriu concurso p\u00fablico para admiss\u00e3o na Escola Naval. S\u00e3o 46 vagas, sendo 34 para o sexo masculino e 12 para o sexo feminino, para o Corpo de Intendentes. Os candidatos devem ter 18 anos completos e menos de 23 anos (no dia 1\u00ba de janeiro de 2015), e ensino m\u00e9dio completo. As inscri\u00e7\u00f5es devem ser feitas at\u00e9 o dia 31 de julho pelos sites <a href=\"https:\/\/www.ensino.mar.mil.br\/sitenovo\/index.html\" target=\"_blank\">www.ingressonamarinha.mar.mil.br<\/a> ou <a href=\"https:\/\/www.ensino.mar.mil.br\/sitenovo\/index.html\" target=\"_blank\">www.ensino.mar.mil.br<\/a>. O curso come\u00e7a em 4 de fevereiro de 2015.<\/p>\n<p><strong>Marinha (2)<\/strong><\/p>\n<p>A Marinha abriu concurso p\u00fablico para 40 vagas no Quadro T\u00e9cnico de Pra\u00e7as da Armada no Corpo de Pra\u00e7as da Armada 2014 (CP-QTPA\/2014). O candidato deve ser do sexo masculino; ter 18 anos completos e menos de 25 anos de idade no primeiro dia do m\u00eas de janeiro de 2015; ter conclu\u00eddo ou estar concluindo o curso t\u00e9cnico de n\u00edvel m\u00e9dio relativo \u00e0 \u00e1rea t\u00e9cnica \u00e0 qual concorre. As inscri\u00e7\u00f5es devem ser feitas at\u00e9 7 de julho pelos sites <a href=\"https:\/\/www.ensino.mar.mil.br\/sitenovo\/index.html\" target=\"_blank\">www.ensino.mar.mil.br <\/a>ou <a href=\"https:\/\/www.ensino.mar.mil.br\/sitenovo\/index.html\" target=\"_blank\">www.ingressonamarinha.mar.mil.br<\/a>. O in\u00edcio do curso est\u00e1 previsto para 30 de mar\u00e7o de 2014 .<\/p>\n<p><strong>Marinha (3)<\/strong><\/p>\n<p>A Diretoria de Ensino da Marinha abriu concurso p\u00fablico com 230 vagas para o ingresso no Col\u00e9gio Naval. Para participar da sele\u00e7\u00e3o, os candidatos devem ter n\u00edvel fundamental completo, 15 anos completos e menos de 18 anos no primeiro dia do m\u00eas de janeiro de 2015. As inscri\u00e7\u00f5es podem ser feitas at\u00e9 28 de julho pelos site\u00a0<a href=\"https:\/\/www.ensino.mar.mil.br\/sitenovo\/index.html\" target=\"_blank\">www.ensino.mar.mil.br<\/a>.\u00a0O curso tem in\u00edcio no dia 10 de fevereiro de 2015.<\/p>\n<p><strong>Marinha (4)<\/strong><\/p>\n<p>A Marinha divulgou dois editais de concurso p\u00fablico para um total de 79 vagas. S\u00e3o 73 vagas de n\u00edvel superior para o quadro de corpo de engenheiros e 6 para capel\u00e3es navais. Todos os candidatos passar\u00e3o por curso de forma\u00e7\u00e3o. As inscri\u00e7\u00f5es devem ser feitas at\u00e9 o dia 24 de julho pelos site <a href=\"https:\/\/www.ensino.mar.mil.br\/sitenovo\/index.html\" target=\"_blank\">www.ensino.mar.mil.br<\/a>. A data da prova ainda ser\u00e1 divulgada.<\/p>\n<p>Fonte: G1<\/p>\n","protected":false},"excerpt":{"rendered":"<p>Cargos s\u00e3o em todos os n\u00edveis de escolaridade. Oportunidades s\u00e3o para forma\u00e7\u00e3o de oficiais, col\u00e9gio e Escola Naval O Ex\u00e9rcito e a Marinha est\u00e3o com&#8230;<\/p>\n","protected":false},"author":1182,"featured_media":3546,"comment_status":"closed","ping_status":"closed","sticky":false,"template":"","format":"standard","meta":{"footnotes":""},"categories":[6],"tags":[],"class_list":["post-6179","post","type-post","status-publish","format-standard","has-post-thumbnail","hentry","category-noticias"],"_links":{"self":[{"href":"https:\/\/www.sincomam.org.br\/index.php\/wp-json\/wp\/v2\/posts\/6179","targetHints":{"allow":["GET"]}}],"collection":[{"href":"https:\/\/www.sincomam.org.br\/index.php\/wp-json\/wp\/v2\/posts"}],"about":[{"href":"https:\/\/www.sincomam.org.br\/index.php\/wp-json\/wp\/v2\/types\/post"}],"author":[{"embeddable":true,"href":"https:\/\/www.sincomam.org.br\/index.php\/wp-json\/wp\/v2\/users\/1182"}],"replies":[{"embeddable":true,"href":"https:\/\/www.sincomam.org.br\/index.php\/wp-json\/wp\/v2\/comments?post=6179"}],"version-history":[{"count":1,"href":"https:\/\/www.sincomam.org.br\/index.php\/wp-json\/wp\/v2\/posts\/6179\/revisions"}],"predecessor-version":[{"id":6180,"href":"https:\/\/www.sincomam.org.br\/index.php\/wp-json\/wp\/v2\/posts\/6179\/revisions\/6180"}],"wp:featuredmedia":[{"embeddable":true,"href":"https:\/\/www.sincomam.org.br\/index.php\/wp-json\/wp\/v2\/media\/3546"}],"wp:attachment":[{"href":"https:\/\/www.sincomam.org.br\/index.php\/wp-json\/wp\/v2\/media?parent=6179"}],"wp:term":[{"taxonomy":"category","embeddable":true,"href":"https:\/\/www.sincomam.org.br\/index.php\/wp-json\/wp\/v2\/categories?post=6179"},{"taxonomy":"post_tag","embeddable":true,"href":"https:\/\/www.sincomam.org.br\/index.php\/wp-json\/wp\/v2\/tags?post=6179"}],"curies":[{"name":"wp","href":"https:\/\/api.w.org\/{rel}","templated":true}]}}