{"id":61778,"date":"2025-10-14T10:06:11","date_gmt":"2025-10-14T13:06:11","guid":{"rendered":"https:\/\/www.sincomam.org.br\/?p=61778"},"modified":"2025-10-14T10:06:11","modified_gmt":"2025-10-14T13:06:11","slug":"portos-do-parana-recebe-selo-impulso-verde-e-consolida-lideranca-ambiental-no-setor-portuario","status":"publish","type":"post","link":"https:\/\/www.sincomam.org.br\/index.php\/portos-do-parana-recebe-selo-impulso-verde-e-consolida-lideranca-ambiental-no-setor-portuario\/","title":{"rendered":"Portos do Paran\u00e1 recebe Selo Impulso Verde e consolida lideran\u00e7a ambiental no setor portu\u00e1rio"},"content":{"rendered":"<p>A Portos do Paran\u00e1 recebeu o Selo Pr\u00f3-Clima na categoria Impulso Verde, concedido pela Alian\u00e7a Brasileira pela Descarboniza\u00e7\u00e3o dos Portos (ABDP), durante o 2\u00ba Encontro da Alian\u00e7a Brasileira para Descarboniza\u00e7\u00e3o de Portos \u2013 2025. Os coordenadores da Portos do Paran\u00e1, Kellyn Cristina Carneiro e Vader Zuliane Braga, representaram a Autoridade Portu\u00e1ria no evento, realizado em S\u00e3o Lu\u00eds (MA), entre os dias 8 e 10 de outubro.<\/p>\n<p>A premia\u00e7\u00e3o \u00e0 empresa p\u00fablica ocorreu ap\u00f3s a divulga\u00e7\u00e3o do Invent\u00e1rio de Emiss\u00f5es de Gases de Efeito Estufa (GEE) da Portos do Paran\u00e1, elaborado pela Fundaci\u00f3n Valenciaport, que subsidiar\u00e1 o Plano de Descarboniza\u00e7\u00e3o do Complexo Portu\u00e1rio de Paranagu\u00e1 e Antonina.<\/p>\n<p>A coordenadora Kellyn destaca que as exig\u00eancias do mercado global e os compromissos internacionais tornam imperativo que portos brasileiros estejam alinhados com indicadores de sustentabilidade, o que molda o futuro da Portos do Paran\u00e1, como um modelo de desenvolvimento respons\u00e1vel e sustent\u00e1vel. \u201cO selo \u00e9 um reconhecimento pelos nossos esfor\u00e7os nesta jornada de descarboniza\u00e7\u00e3o dos portos do Paran\u00e1 e um est\u00edmulo para toda a comunidade portu\u00e1ria em seguir avan\u00e7ando com a implementa\u00e7\u00e3o de boas pr\u00e1ticas ambientais\u201d, afirmou Kellyn.<\/p>\n<p>O invent\u00e1rio de emiss\u00f5es do ano de 2023 foi elaborado com base na metodologia internacional do GHG Protocol e no Guia Metodol\u00f3gico para o C\u00e1lculo da Pegada de Carbono em Portos, publicado por Puertos del Estado. No per\u00edodo analisado, as atividades do complexo portu\u00e1rio de Paranagu\u00e1 e Antonina emitiram cerca de 678 mil toneladas de CO\u2082 equivalente, distribu\u00eddas entre tr\u00eas escopos de an\u00e1lise.<\/p>\n<p>O Escopo 1 refere-se \u00e0s emiss\u00f5es diretas da Autoridade Portu\u00e1ria e representou apenas 2,7% do total. O Escopo 2, que contempla as emiss\u00f5es indiretas associadas ao consumo de energia el\u00e9trica, somou 0,1%. J\u00e1 o Escopo 3, que inclui as emiss\u00f5es indiretas de outras atividades relacionadas \u00e0s opera\u00e7\u00f5es portu\u00e1rias, como terminais, modais de transporte terrestres, servi\u00e7os de apoio portu\u00e1rio e navios, totalizou 97,1% das emiss\u00f5es de GEE.<\/p>\n<p><strong>Descarboniza\u00e7\u00e3o dos portos brasileiros<\/strong><\/p>\n<p>No mesmo evento, a Autoridade Portu\u00e1ria foi convidada a participar do painel \u201cPlanos de Descarboniza\u00e7\u00e3o para Portos: dificuldades, metas e greenwashing, que s\u00e3o as estrat\u00e9gias enganosas de marketing em que algumas empresas promovem produtos como ambientalmente respons\u00e1veis, mas, na realidade, n\u00e3o cumprem crit\u00e9rios efetivos de sustentabilidade.<\/p>\n<p>\u201cPude compartilhar experi\u00eancias, a\u00e7\u00f5es executadas e os principais desafios da jornada de descarboniza\u00e7\u00e3o do complexo portu\u00e1rio da Portos do Paran\u00e1. Nestes encontros, nos atualizamos e trazemos novos insights para a realidade dos portos paranaenses, com projetos inovadores relacionados \u00e0 sustentabilidade nas nossas opera\u00e7\u00f5es portu\u00e1rias\u201d, destacou Vader Zuliane Braga.<\/p>\n<p>Fonte: Informativo dos Portos<\/p>\n","protected":false},"excerpt":{"rendered":"<p>A Portos do Paran\u00e1 recebeu o Selo Pr\u00f3-Clima na categoria Impulso Verde, concedido pela Alian\u00e7a Brasileira pela Descarboniza\u00e7\u00e3o dos Portos (ABDP), durante o 2\u00ba Encontro&#8230;<\/p>\n","protected":false},"author":1527,"featured_media":61779,"comment_status":"closed","ping_status":"closed","sticky":false,"template":"","format":"standard","meta":{"footnotes":""},"categories":[6],"tags":[],"class_list":["post-61778","post","type-post","status-publish","format-standard","has-post-thumbnail","hentry","category-noticias"],"_links":{"self":[{"href":"https:\/\/www.sincomam.org.br\/index.php\/wp-json\/wp\/v2\/posts\/61778","targetHints":{"allow":["GET"]}}],"collection":[{"href":"https:\/\/www.sincomam.org.br\/index.php\/wp-json\/wp\/v2\/posts"}],"about":[{"href":"https:\/\/www.sincomam.org.br\/index.php\/wp-json\/wp\/v2\/types\/post"}],"author":[{"embeddable":true,"href":"https:\/\/www.sincomam.org.br\/index.php\/wp-json\/wp\/v2\/users\/1527"}],"replies":[{"embeddable":true,"href":"https:\/\/www.sincomam.org.br\/index.php\/wp-json\/wp\/v2\/comments?post=61778"}],"version-history":[{"count":1,"href":"https:\/\/www.sincomam.org.br\/index.php\/wp-json\/wp\/v2\/posts\/61778\/revisions"}],"predecessor-version":[{"id":61780,"href":"https:\/\/www.sincomam.org.br\/index.php\/wp-json\/wp\/v2\/posts\/61778\/revisions\/61780"}],"wp:featuredmedia":[{"embeddable":true,"href":"https:\/\/www.sincomam.org.br\/index.php\/wp-json\/wp\/v2\/media\/61779"}],"wp:attachment":[{"href":"https:\/\/www.sincomam.org.br\/index.php\/wp-json\/wp\/v2\/media?parent=61778"}],"wp:term":[{"taxonomy":"category","embeddable":true,"href":"https:\/\/www.sincomam.org.br\/index.php\/wp-json\/wp\/v2\/categories?post=61778"},{"taxonomy":"post_tag","embeddable":true,"href":"https:\/\/www.sincomam.org.br\/index.php\/wp-json\/wp\/v2\/tags?post=61778"}],"curies":[{"name":"wp","href":"https:\/\/api.w.org\/{rel}","templated":true}]}}