{"id":61772,"date":"2025-10-14T10:03:32","date_gmt":"2025-10-14T13:03:32","guid":{"rendered":"https:\/\/www.sincomam.org.br\/?p=61772"},"modified":"2025-10-14T10:03:32","modified_gmt":"2025-10-14T13:03:32","slug":"anatel-registrara-equipamentos-de-radio-das-embarcacoes-de-medio-e-grande-porte","status":"publish","type":"post","link":"https:\/\/www.sincomam.org.br\/index.php\/anatel-registrara-equipamentos-de-radio-das-embarcacoes-de-medio-e-grande-porte\/","title":{"rendered":"Anatel registrar\u00e1 equipamentos de r\u00e1dio das embarca\u00e7\u00f5es de m\u00e9dio e grande porte"},"content":{"rendered":"<p>A Ag\u00eancia Nacional de Telecomunica\u00e7\u00f5es (Anatel) informou na sexta-feira (10) que a partir de agora donos de embarca\u00e7\u00f5es de m\u00e9dio e grande porte ter\u00e3o que registar em seu sistema Mosaico os novos equipamentos de comunica\u00e7\u00e3o por r\u00e1dio instalados a bordo. Os instrumentos, que permitem a comunica\u00e7\u00e3o entre embarca\u00e7\u00f5es e delas com esta\u00e7\u00f5es na costa do pa\u00eds, s\u00e3o obrigat\u00f3rios. Os respons\u00e1veis pelos barcos podem registrar os equipamentos pela Internet neste endere\u00e7o.<\/p>\n<p>A Anatel explicou que, por norma da Marinha do Brasil, o uso dos equipamentos n\u00e3o \u00e9 obrigat\u00f3rio em embarca\u00e7\u00f5es de pequeno porte que naveguem por \u00e1guas consideradas abrigadas, como lagos, lagoas, rios e canais sem ondas de altura significativa. A Ag\u00eancia informou ainda que as esta\u00e7\u00f5es de comunica\u00e7\u00e3o j\u00e1 licenciadas n\u00e3o precisam de novo cadastro.<\/p>\n<p>Os equipamentos de comunica\u00e7\u00e3o por r\u00e1dio fazem parte do Servi\u00e7o M\u00f3vel Mar\u00edtimo (SMM). O objeto dele \u00e9 coordenar opera\u00e7\u00f5es, auxiliar na navega\u00e7\u00e3o e passar orienta\u00e7\u00f5es de seguran\u00e7a. Octavio Pieranti, diretor da Anatel, disse que a exig\u00eancia de registro visa a dar mais seguran\u00e7a \u00e0 navega\u00e7\u00e3o e que quem tiver d\u00favidas sobre os procedimentos pode procurar a unidade da entidade na capital de seu estado ou entrar em contato pelo n\u00famero de telefone 1331.<\/p>\n<p>Fonte: Portos e Navios<\/p>\n","protected":false},"excerpt":{"rendered":"<p>A Ag\u00eancia Nacional de Telecomunica\u00e7\u00f5es (Anatel) informou na sexta-feira (10) que a partir de agora donos de embarca\u00e7\u00f5es de m\u00e9dio e grande porte ter\u00e3o que&#8230;<\/p>\n","protected":false},"author":1527,"featured_media":61773,"comment_status":"closed","ping_status":"closed","sticky":false,"template":"","format":"standard","meta":{"footnotes":""},"categories":[6],"tags":[],"class_list":["post-61772","post","type-post","status-publish","format-standard","has-post-thumbnail","hentry","category-noticias"],"_links":{"self":[{"href":"https:\/\/www.sincomam.org.br\/index.php\/wp-json\/wp\/v2\/posts\/61772","targetHints":{"allow":["GET"]}}],"collection":[{"href":"https:\/\/www.sincomam.org.br\/index.php\/wp-json\/wp\/v2\/posts"}],"about":[{"href":"https:\/\/www.sincomam.org.br\/index.php\/wp-json\/wp\/v2\/types\/post"}],"author":[{"embeddable":true,"href":"https:\/\/www.sincomam.org.br\/index.php\/wp-json\/wp\/v2\/users\/1527"}],"replies":[{"embeddable":true,"href":"https:\/\/www.sincomam.org.br\/index.php\/wp-json\/wp\/v2\/comments?post=61772"}],"version-history":[{"count":1,"href":"https:\/\/www.sincomam.org.br\/index.php\/wp-json\/wp\/v2\/posts\/61772\/revisions"}],"predecessor-version":[{"id":61774,"href":"https:\/\/www.sincomam.org.br\/index.php\/wp-json\/wp\/v2\/posts\/61772\/revisions\/61774"}],"wp:featuredmedia":[{"embeddable":true,"href":"https:\/\/www.sincomam.org.br\/index.php\/wp-json\/wp\/v2\/media\/61773"}],"wp:attachment":[{"href":"https:\/\/www.sincomam.org.br\/index.php\/wp-json\/wp\/v2\/media?parent=61772"}],"wp:term":[{"taxonomy":"category","embeddable":true,"href":"https:\/\/www.sincomam.org.br\/index.php\/wp-json\/wp\/v2\/categories?post=61772"},{"taxonomy":"post_tag","embeddable":true,"href":"https:\/\/www.sincomam.org.br\/index.php\/wp-json\/wp\/v2\/tags?post=61772"}],"curies":[{"name":"wp","href":"https:\/\/api.w.org\/{rel}","templated":true}]}}