{"id":61756,"date":"2025-10-13T11:21:13","date_gmt":"2025-10-13T14:21:13","guid":{"rendered":"https:\/\/www.sincomam.org.br\/?p=61756"},"modified":"2025-10-13T11:21:13","modified_gmt":"2025-10-13T14:21:13","slug":"nova-estacao-cientifica-reforca-soberania-brasileira-no-arquipelago-de-sao-pedro-e-sao-paulo","status":"publish","type":"post","link":"https:\/\/www.sincomam.org.br\/index.php\/nova-estacao-cientifica-reforca-soberania-brasileira-no-arquipelago-de-sao-pedro-e-sao-paulo\/","title":{"rendered":"Nova esta\u00e7\u00e3o cient\u00edfica refor\u00e7a soberania brasileira no Arquip\u00e9lago de S\u00e3o Pedro e S\u00e3o Paulo"},"content":{"rendered":"<p data-start=\"599\" data-end=\"1182\">A Marinha do Brasil e o Instituto Chico Mendes de Conserva\u00e7\u00e3o da Biodiversidade (ICMBio)\u00a0deram um passo decisivo para fortalecer a\u00a0soberania brasileira no Atl\u00e2ntico. O projeto da\u00a0nova esta\u00e7\u00e3o cient\u00edfica do Arquip\u00e9lago de S\u00e3o Pedro e S\u00e3o Paulo\u00a0foi aprovado nesta sexta-feira (10), em Bras\u00edlia, e as obras devem come\u00e7ar ainda este ano. Com investimento de\u00a0R$ 7 milh\u00f5es\u00a0do\u00a0Fundo de Compensa\u00e7\u00e3o Ambiental, a nova estrutura vai garantir melhores condi\u00e7\u00f5es para a\u00a0pesquisa cient\u00edfica\u00a0e o\u00a0monitoramento ambiental\u00a0em uma das \u00e1reas mais estrat\u00e9gicas do Pa\u00eds.<\/p>\n<h3 data-start=\"1189\" data-end=\"1257\"><strong data-start=\"1196\" data-end=\"1257\">Engenharia e desafios t\u00e9cnicos no cora\u00e7\u00e3o do Atl\u00e2ntico<\/strong><\/h3>\n<p data-start=\"1259\" data-end=\"1640\">A constru\u00e7\u00e3o da\u00a0nova esta\u00e7\u00e3o cient\u00edfica\u00a0\u00e9 considerada um dos maiores desafios de\u00a0engenharia mar\u00edtima e log\u00edstica\u00a0j\u00e1 enfrentados pelo\u00a0Brasil. Localizada a cerca de\u00a01.000 quil\u00f4metros do litoral de Natal (RN), a estrutura precisar\u00e1 resistir a condi\u00e7\u00f5es extremas \u2014\u00a0ondas intensas, abalos s\u00edsmicos e ventos constantes\u00a0\u2014, exigindo tecnologia e precis\u00e3o no planejamento.<\/p>\n<p data-start=\"1642\" data-end=\"2110\">O projeto foi desenvolvido pelo\u00a0Laborat\u00f3rio de Planejamento e Projetos da Universidade Federal do Esp\u00edrito Santo (UFES), sob coordena\u00e7\u00e3o da\u00a0professora-doutora Cristina Engel de Alvarez, arquiteta respons\u00e1vel tamb\u00e9m pelo projeto da\u00a0Esta\u00e7\u00e3o Ant\u00e1rtica Almirante Ferraz. Entre as principais inova\u00e7\u00f5es est\u00e3o o uso de\u00a0materiais leves e resistentes \u00e0 corros\u00e3o, sistemas de\u00a0tratamento sustent\u00e1vel de efluentes\u00a0e\u00a0mecanismos de baixo impacto ambiental.<\/p>\n<p data-start=\"2112\" data-end=\"2412\">A nova esta\u00e7\u00e3o substituir\u00e1 a estrutura atual, constru\u00edda em 2008, que j\u00e1 apresenta desgaste acentuado. O novo projeto prioriza\u00a0autonomia energ\u00e9tica,\u00a0redu\u00e7\u00e3o de res\u00edduos\u00a0e\u00a0efici\u00eancia t\u00e9rmica, permitindo que cientistas e militares permane\u00e7am no local em seguran\u00e7a durante longos per\u00edodos.<\/p>\n<h3 data-start=\"2419\" data-end=\"2480\"><strong data-start=\"2426\" data-end=\"2480\">Ci\u00eancia e meio ambiente: pesquisa com soberania<\/strong><\/h3>\n<p data-start=\"2482\" data-end=\"2885\">O\u00a0Arquip\u00e9lago de S\u00e3o Pedro e S\u00e3o Paulo, situado em pleno Atl\u00e2ntico Equatorial, \u00e9 um laborat\u00f3rio natural para o estudo da\u00a0biodiversidade marinha e das din\u00e2micas oce\u00e2nicas. O projeto aprovado pela\u00a0Marinha do Brasil\u00a0e pelo\u00a0ICMBio\u00a0impulsiona a capacidade nacional de realizar\u00a0pesquisas ambientais, oceanogr\u00e1ficas e clim\u00e1ticas\u00a0com base em evid\u00eancias produzidas em territ\u00f3rio brasileiro.<\/p>\n<p data-start=\"2887\" data-end=\"3392\">Segundo o presidente do\u00a0ICMBio,\u00a0Mauro Oliveira Pires, os recursos aplicados \u201catendem a tr\u00eas objetivos nacionais: promover a ci\u00eancia, fortalecer as unidades de conserva\u00e7\u00e3o e garantir a soberania do Pa\u00eds sobre seu espa\u00e7o mar\u00edtimo\u201d. A presen\u00e7a cient\u00edfica permanente contribui para\u00a0pol\u00edticas p\u00fablicas de conserva\u00e7\u00e3o, melhora o\u00a0entendimento dos ecossistemas marinhos\u00a0e refor\u00e7a a\u00a0gest\u00e3o da\u00a0Amaz\u00f4nia Azul\u00a0\u2014 \u00e1rea que representa mais de 5,7 milh\u00f5es de km\u00b2 do territ\u00f3rio brasileiro no mar.<\/p>\n<p data-start=\"3394\" data-end=\"3678\">Al\u00e9m da pesquisa ambiental, a nova esta\u00e7\u00e3o permitir\u00e1\u00a0monitoramento meteorol\u00f3gico, coleta de dados sobre correntes oce\u00e2nicas\u00a0e\u00a0estudos sobre esp\u00e9cies end\u00eamicas, fortalecendo o papel do Brasil como\u00a0refer\u00eancia em ci\u00eancia oce\u00e2nica e gest\u00e3o sustent\u00e1vel dos recursos marinhos.<\/p>\n<h3 data-start=\"3685\" data-end=\"3757\"><strong data-start=\"3691\" data-end=\"3757\">Estrat\u00e9gia e soberania: o papel da Marinha na Amaz\u00f4nia Azul<\/strong><\/h3>\n<p data-start=\"3759\" data-end=\"4079\">Para a\u00a0Marinha do Brasil, o projeto tem valor estrat\u00e9gico inestim\u00e1vel. A ocupa\u00e7\u00e3o permanente do\u00a0Arquip\u00e9lago de S\u00e3o Pedro e S\u00e3o Paulo\u00a0garante ao Pa\u00eds o direito sobre cerca de\u00a0455 mil km\u00b2 de\u00a0Zona Econ\u00f4mica Exclusiva\u00a0(ZEE), \u00e1rea que permite a explora\u00e7\u00e3o sustent\u00e1vel dos recursos vivos e minerais do Atl\u00e2ntico.<\/p>\n<p data-start=\"4081\" data-end=\"4520\">O\u00a0Contra-Almirante Ricardo Jaques Ferreira, secret\u00e1rio da\u00a0Comiss\u00e3o Interministerial para os Recursos do Mar (CIRM), destacou os desafios e a import\u00e2ncia\u00a0geopol\u00edtica\u00a0da presen\u00e7a no local: \u201cSem ci\u00eancia e presen\u00e7a, n\u00e3o h\u00e1 soberania\u201d. A nova esta\u00e7\u00e3o representa, portanto, n\u00e3o apenas um avan\u00e7o na\u00a0infraestrutura cient\u00edfica, mas tamb\u00e9m uma\u00a0fortaleza simb\u00f3lica e operacional\u00a0para a defesa dos interesses mar\u00edtimos nacionais.<\/p>\n<p data-start=\"4522\" data-end=\"4858\">Com a iniciativa, a\u00a0Marinha reafirma seu papel como guardi\u00e3 da Amaz\u00f4nia Azul, promovendo a integra\u00e7\u00e3o entre\u00a0defesa, pesquisa e sustentabilidade. Trata-se de um marco para a presen\u00e7a brasileira no Atl\u00e2ntico Sul \u2014 onde\u00a0ci\u00eancia e poder mar\u00edtimo\u00a0se unem para projetar o futuro do Brasil como\u00a0pot\u00eancia oce\u00e2nica e ambiental.<\/p>\n<p data-start=\"4522\" data-end=\"4858\">Fonte: Defesa em Foco<\/p>\n","protected":false},"excerpt":{"rendered":"<p>A Marinha do Brasil e o Instituto Chico Mendes de Conserva\u00e7\u00e3o da Biodiversidade (ICMBio)\u00a0deram um passo decisivo para fortalecer a\u00a0soberania brasileira no Atl\u00e2ntico. O projeto&#8230;<\/p>\n","protected":false},"author":1527,"featured_media":61757,"comment_status":"closed","ping_status":"closed","sticky":false,"template":"","format":"standard","meta":{"footnotes":""},"categories":[6],"tags":[],"class_list":["post-61756","post","type-post","status-publish","format-standard","has-post-thumbnail","hentry","category-noticias"],"_links":{"self":[{"href":"https:\/\/www.sincomam.org.br\/index.php\/wp-json\/wp\/v2\/posts\/61756","targetHints":{"allow":["GET"]}}],"collection":[{"href":"https:\/\/www.sincomam.org.br\/index.php\/wp-json\/wp\/v2\/posts"}],"about":[{"href":"https:\/\/www.sincomam.org.br\/index.php\/wp-json\/wp\/v2\/types\/post"}],"author":[{"embeddable":true,"href":"https:\/\/www.sincomam.org.br\/index.php\/wp-json\/wp\/v2\/users\/1527"}],"replies":[{"embeddable":true,"href":"https:\/\/www.sincomam.org.br\/index.php\/wp-json\/wp\/v2\/comments?post=61756"}],"version-history":[{"count":1,"href":"https:\/\/www.sincomam.org.br\/index.php\/wp-json\/wp\/v2\/posts\/61756\/revisions"}],"predecessor-version":[{"id":61758,"href":"https:\/\/www.sincomam.org.br\/index.php\/wp-json\/wp\/v2\/posts\/61756\/revisions\/61758"}],"wp:featuredmedia":[{"embeddable":true,"href":"https:\/\/www.sincomam.org.br\/index.php\/wp-json\/wp\/v2\/media\/61757"}],"wp:attachment":[{"href":"https:\/\/www.sincomam.org.br\/index.php\/wp-json\/wp\/v2\/media?parent=61756"}],"wp:term":[{"taxonomy":"category","embeddable":true,"href":"https:\/\/www.sincomam.org.br\/index.php\/wp-json\/wp\/v2\/categories?post=61756"},{"taxonomy":"post_tag","embeddable":true,"href":"https:\/\/www.sincomam.org.br\/index.php\/wp-json\/wp\/v2\/tags?post=61756"}],"curies":[{"name":"wp","href":"https:\/\/api.w.org\/{rel}","templated":true}]}}